{"id":4420,"date":"2018-05-23T23:44:38","date_gmt":"2018-05-23T23:44:38","guid":{"rendered":"http:\/\/zonade3.com.ar.ar\/blog\/?p=4420"},"modified":"2018-05-23T23:46:24","modified_gmt":"2018-05-23T23:46:24","slug":"central-de-ceres-envio-un-carta-documento-a-la-cabb","status":"publish","type":"post","link":"http:\/\/zonade3.com.ar\/blog\/central-de-ceres-envio-un-carta-documento-a-la-cabb\/","title":{"rendered":"Central de Ceres envi\u00f3 un carta documento a la CABB"},"content":{"rendered":"<p>En horas de la tarde y luego de reunirse con el Intendente Municipal, Camilo Busquets, el Presidente de la entidad \u00abaurinegra\u00bb, Andr\u00e9s Bernabeu\u00a0 as\u00ed lo confirm\u00f3 a medios ceresinos.<br \/>\nEl escrito expresa y lamenta lo sucedido anoche en San Nicol\u00e1s, los riesgos que pudieron y pueden ocurrir, a partir de los juegos que se est\u00e1n disputando en tierras bonaerenses.<a href=\"http:\/\/zonade3.com.ar.ar\/blog\/wp-content\/uploads\/2018\/05\/carta-documento.jpg\"><img loading=\"lazy\" decoding=\"async\" class=\"size-medium wp-image-4421 alignright\" src=\"http:\/\/zonade3.com.ar.ar\/blog\/wp-content\/uploads\/2018\/05\/carta-documento-300x176.jpg\" alt=\"\" width=\"300\" height=\"176\" \/><\/a><br \/>\nAdem\u00e1s, intima a la Confederaci\u00f3n Argentina de B\u00e1squetbol, que resuelva hacer disputar el cuarto partido en cancha neutral, para evitar m\u00e1s inconvenientes.<br \/>\n\u00abRecibimos el apoyo del mandatario municipal y cada uno por su lado, elevamos una Carta Documento\u00bb, expresaba Andr\u00e9s.<br \/>\nMientras tanto, el plantel conducido por Lancellotti, acompa\u00f1ado por un grupo de dirigentes, contin\u00faa en Rosario y a la espera de alguna resoluci\u00f3n, mientras entrena en el Club Banco Provincial.<br \/>\nAdjuntamos el texto que ya est\u00e1 en el despacho del m\u00e1ximo estamento del baloncesto nacional.<br \/>\nFuente: Adrian Tavella<\/p>\n","protected":false},"excerpt":{"rendered":"<p>En horas de la tarde y luego de reunirse con el Intendente Municipal, Camilo Busquets, el Presidente de<\/p>\n","protected":false},"author":2,"featured_media":306,"comment_status":"open","ping_status":"open","sticky":false,"template":"","format":"standard","meta":{"footnotes":""},"categories":[1],"tags":[],"class_list":["post-4420","post","type-post","status-publish","format-standard","has-post-thumbnail","hentry","category-sin-categoria"],"_links":{"self":[{"href":"http:\/\/zonade3.com.ar\/blog\/wp-json\/wp\/v2\/posts\/4420","targetHints":{"allow":["GET"]}}],"collection":[{"href":"http:\/\/zonade3.com.ar\/blog\/wp-json\/wp\/v2\/posts"}],"about":[{"href":"http:\/\/zonade3.com.ar\/blog\/wp-json\/wp\/v2\/types\/post"}],"author":[{"embeddable":true,"href":"http:\/\/zonade3.com.ar\/blog\/wp-json\/wp\/v2\/users\/2"}],"replies":[{"embeddable":true,"href":"http:\/\/zonade3.com.ar\/blog\/wp-json\/wp\/v2\/comments?post=4420"}],"version-history":[{"count":2,"href":"http:\/\/zonade3.com.ar\/blog\/wp-json\/wp\/v2\/posts\/4420\/revisions"}],"predecessor-version":[{"id":4423,"href":"http:\/\/zonade3.com.ar\/blog\/wp-json\/wp\/v2\/posts\/4420\/revisions\/4423"}],"wp:featuredmedia":[{"embeddable":true,"href":"http:\/\/zonade3.com.ar\/blog\/wp-json\/wp\/v2\/media\/306"}],"wp:attachment":[{"href":"http:\/\/zonade3.com.ar\/blog\/wp-json\/wp\/v2\/media?parent=4420"}],"wp:term":[{"taxonomy":"category","embeddable":true,"href":"http:\/\/zonade3.com.ar\/blog\/wp-json\/wp\/v2\/categories?post=4420"},{"taxonomy":"post_tag","embeddable":true,"href":"http:\/\/zonade3.com.ar\/blog\/wp-json\/wp\/v2\/tags?post=4420"}],"curies":[{"name":"wp","href":"https:\/\/api.w.org\/{rel}","templated":true}]}}