{"id":4431,"date":"2018-05-24T03:37:59","date_gmt":"2018-05-24T03:37:59","guid":{"rendered":"http:\/\/zonade3.com.ar.ar\/blog\/?p=4431"},"modified":"2018-05-24T03:37:59","modified_gmt":"2018-05-24T03:37:59","slug":"noroeste-reunion-por-el-encuentro-de-minibasquet-femenino","status":"publish","type":"post","link":"http:\/\/zonade3.com.ar\/blog\/noroeste-reunion-por-el-encuentro-de-minibasquet-femenino\/","title":{"rendered":"Noroeste: Reuni\u00f3n por el Encuentro de Minibasquet Femenino"},"content":{"rendered":"<p>En la sede de la Asoc. se realiz\u00f3 una reuni\u00f3n por el Encuentro Nacional de Minibaquet Femenino \u00abLa Fiesta del Mini Femenino\u00bb. Este evento tiene como fecha de organizaci\u00f3n los d\u00edas 17, 18 y 19 de Agosto y es organizado por la ANSB, los Clubes Central y Atl\u00e9tico Ceres y la Coordinaci\u00f3n del Basquet Femenino de la Noroeste.<br \/>\nEn la reuni\u00f3n que presidi\u00f3 el Coordinador del Femenino Prof. Roberto Martinuzzi, tomaron parte las delegadas de ambos clubes ceresinos, definiendo varios puntos de importancia sobre esta realizaci\u00f3n, que no solo contar\u00e1 con los equipos de la Noroeste, sino que tendr\u00e1 la participaci\u00f3n de clubes del interior de nuestro Pais.<br \/>\nEst\u00e1 previsto que el S\u00e1bado 18 a las 18,30 Hs.- sea el acto inaugural con una caravana por la Av. Mayo. de la ciudad de Ceres.<br \/>\nFuente: Prensa Noroeste<\/p>\n","protected":false},"excerpt":{"rendered":"<p>En la sede de la Asoc. se realiz\u00f3 una reuni\u00f3n por el Encuentro Nacional de Minibaquet Femenino \u00abLa<\/p>\n","protected":false},"author":2,"featured_media":4432,"comment_status":"open","ping_status":"open","sticky":false,"template":"","format":"standard","meta":{"footnotes":""},"categories":[1],"tags":[],"class_list":["post-4431","post","type-post","status-publish","format-standard","has-post-thumbnail","hentry","category-sin-categoria"],"_links":{"self":[{"href":"http:\/\/zonade3.com.ar\/blog\/wp-json\/wp\/v2\/posts\/4431","targetHints":{"allow":["GET"]}}],"collection":[{"href":"http:\/\/zonade3.com.ar\/blog\/wp-json\/wp\/v2\/posts"}],"about":[{"href":"http:\/\/zonade3.com.ar\/blog\/wp-json\/wp\/v2\/types\/post"}],"author":[{"embeddable":true,"href":"http:\/\/zonade3.com.ar\/blog\/wp-json\/wp\/v2\/users\/2"}],"replies":[{"embeddable":true,"href":"http:\/\/zonade3.com.ar\/blog\/wp-json\/wp\/v2\/comments?post=4431"}],"version-history":[{"count":1,"href":"http:\/\/zonade3.com.ar\/blog\/wp-json\/wp\/v2\/posts\/4431\/revisions"}],"predecessor-version":[{"id":4433,"href":"http:\/\/zonade3.com.ar\/blog\/wp-json\/wp\/v2\/posts\/4431\/revisions\/4433"}],"wp:featuredmedia":[{"embeddable":true,"href":"http:\/\/zonade3.com.ar\/blog\/wp-json\/wp\/v2\/media\/4432"}],"wp:attachment":[{"href":"http:\/\/zonade3.com.ar\/blog\/wp-json\/wp\/v2\/media?parent=4431"}],"wp:term":[{"taxonomy":"category","embeddable":true,"href":"http:\/\/zonade3.com.ar\/blog\/wp-json\/wp\/v2\/categories?post=4431"},{"taxonomy":"post_tag","embeddable":true,"href":"http:\/\/zonade3.com.ar\/blog\/wp-json\/wp\/v2\/tags?post=4431"}],"curies":[{"name":"wp","href":"https:\/\/api.w.org\/{rel}","templated":true}]}}