{"id":4437,"date":"2018-05-25T04:12:17","date_gmt":"2018-05-25T04:12:17","guid":{"rendered":"http:\/\/zonade3.com.ar.ar\/blog\/?p=4437"},"modified":"2018-05-25T04:18:50","modified_gmt":"2018-05-25T04:18:50","slug":"noroeste-gano-belgrano-y-hay-5to-en-la-serie","status":"publish","type":"post","link":"http:\/\/zonade3.com.ar\/blog\/noroeste-gano-belgrano-y-hay-5to-en-la-serie\/","title":{"rendered":"Noroeste: gan\u00f3 Belgrano y hay 5to. en la serie"},"content":{"rendered":"<p>Los bonaeresnes se impusieron 95-85 en el cuarto punto de Cuartos de Final Play Off Nacionales e igualaron la serie.<br \/>\nUna vez m\u00e1s, el desarrollo del partido result\u00f3 equilibrado y solo algunos pasajes positivos, de uno u otro, generaron alguna distancia estad\u00edstica.<br \/>\nCentral estuvo siempre en juego e incluso se fue ganancioso por dos puntos (51-49) al descanso.<span class=\"text_exposed_show\"><br \/>\nUn imponente Mart\u00ednez se hizo fuerte cerca de los acr\u00edlicos, sus anotaciones, sus defensas y rebotes, sobresalieron individualmente en el andar del \u00abaurinegro\u00bb.<br \/>\nPero la solides fue otro aliado en grandes p\u00e1rrafos y lo llevaron a estar cerca de la clasificaci\u00f3n permanetemente.<br \/>\nSin embargo, enfrente tambi\u00e9n hay un rival muy poderoso en todos los rincones del rect\u00e1ngulo.<br \/>\nUn per\u00edmetro furioso, donde se destacaron Lete y R\u00edos, pero con muchos cent\u00edmetros en los sectores cercanos a los cestos.<br \/>\nEl tercer segmento culmin\u00f3 igualado en setenta y cuatro, pero lo que sigui\u00f3 fue muy favorable al local.<br \/>\nVarios triples acertados y por contrapartida, los dirigidos por Lancellotti no encontraron la misma efectividad desde esa zona.<br \/>\nSe lo llev\u00f3 Belgrano e igual\u00f3 la serie. El domingo y en un Estadio \u00abRa\u00fal Braica\u00bb imponente, se define quien se mete en la fase decisiva, para luchar por el ascenso directo.<br \/>\n<strong>S\u00edntesis\u00a0<\/strong><br \/>\nBELGRANO (SN) 95 (2) &#8211; CENTRAL 85 (2)<br \/>\nEstadio Belgrano de San Nicol\u00e1s<br \/>\nBELGRANO (SN): Ignacio Fern\u00e1ndez (12); Lete (15); R\u00edos (22); Fioretti (12); Dentis (2); Camino (13); V\u00edctor Fern\u00e1ndez (7); Dose (12); Toranzo; Oviedo; Rodr\u00edguez; Vega. DT: \u00c1ngel Achari.<br \/>\nCENTRAL: Vittar (6); Gonz\u00e1lez (9); Liz\u00e1rraga (14); Ben\u00edtez (15); Mart\u00ednez (31); Salicr\u00fa (5); Buticci (2); Quintana (3); Sol\u00eds; Fito. DT: Enrique Lancellotti.<br \/>\n\u00c1rbitros: Dominguez-Atance-Di Lernia<br \/>\nFuente: Adrian Tavella Foto: Diario El Norte<\/span><\/p>\n","protected":false},"excerpt":{"rendered":"<p>Los bonaeresnes se impusieron 95-85 en el cuarto punto de Cuartos de Final Play Off Nacionales e igualaron<\/p>\n","protected":false},"author":2,"featured_media":4438,"comment_status":"open","ping_status":"open","sticky":false,"template":"","format":"standard","meta":{"footnotes":""},"categories":[1],"tags":[],"class_list":["post-4437","post","type-post","status-publish","format-standard","has-post-thumbnail","hentry","category-sin-categoria"],"_links":{"self":[{"href":"http:\/\/zonade3.com.ar\/blog\/wp-json\/wp\/v2\/posts\/4437","targetHints":{"allow":["GET"]}}],"collection":[{"href":"http:\/\/zonade3.com.ar\/blog\/wp-json\/wp\/v2\/posts"}],"about":[{"href":"http:\/\/zonade3.com.ar\/blog\/wp-json\/wp\/v2\/types\/post"}],"author":[{"embeddable":true,"href":"http:\/\/zonade3.com.ar\/blog\/wp-json\/wp\/v2\/users\/2"}],"replies":[{"embeddable":true,"href":"http:\/\/zonade3.com.ar\/blog\/wp-json\/wp\/v2\/comments?post=4437"}],"version-history":[{"count":2,"href":"http:\/\/zonade3.com.ar\/blog\/wp-json\/wp\/v2\/posts\/4437\/revisions"}],"predecessor-version":[{"id":4440,"href":"http:\/\/zonade3.com.ar\/blog\/wp-json\/wp\/v2\/posts\/4437\/revisions\/4440"}],"wp:featuredmedia":[{"embeddable":true,"href":"http:\/\/zonade3.com.ar\/blog\/wp-json\/wp\/v2\/media\/4438"}],"wp:attachment":[{"href":"http:\/\/zonade3.com.ar\/blog\/wp-json\/wp\/v2\/media?parent=4437"}],"wp:term":[{"taxonomy":"category","embeddable":true,"href":"http:\/\/zonade3.com.ar\/blog\/wp-json\/wp\/v2\/categories?post=4437"},{"taxonomy":"post_tag","embeddable":true,"href":"http:\/\/zonade3.com.ar\/blog\/wp-json\/wp\/v2\/tags?post=4437"}],"curies":[{"name":"wp","href":"https:\/\/api.w.org\/{rel}","templated":true}]}}