{"id":4451,"date":"2018-05-26T03:52:50","date_gmt":"2018-05-26T03:52:50","guid":{"rendered":"http:\/\/zonade3.com.ar.ar\/blog\/?p=4451"},"modified":"2018-05-26T03:52:50","modified_gmt":"2018-05-26T03:52:50","slug":"liga-argentina-san-isidro-contrato-a-sebastian-torre","status":"publish","type":"post","link":"http:\/\/zonade3.com.ar\/blog\/liga-argentina-san-isidro-contrato-a-sebastian-torre\/","title":{"rendered":"Liga Argentina: San Isidro contrat\u00f3 a Sebasti\u00e1n Torre"},"content":{"rendered":"<p>Sebasti\u00e1n Torre, quien viene de dirigir a Ober\u00e1 Tenis Club, es el elegido por la Comisi\u00f3n Directiva del Club Atl\u00e9tico San Isidro para dirigir t\u00e9cnicamente al primer equipo de b\u00e1squet de la instituci\u00f3n.<br \/>\nEl entrenador Sebasti\u00e1n Torre fue confirmado como el director t\u00e9cnico del primer equipo de b\u00e1squet de San Isidro que disputar\u00e1 la temporada 2018\/19 de La Liga Argentina de B\u00e1squetbol.<br \/>\nEl entrenador cordob\u00e9s que viene de comandar exitosamente a Ober\u00e1 Tenis Club a las semifinales de la Conferencia Norte de la presente Liga Argentina firmar\u00e1 su v\u00ednculo con San Isidro la semana entrante.<br \/>\nFuente: Prensa San Isidro<\/p>\n","protected":false},"excerpt":{"rendered":"<p>Sebasti\u00e1n Torre, quien viene de dirigir a Ober\u00e1 Tenis Club, es el elegido por la Comisi\u00f3n Directiva del<\/p>\n","protected":false},"author":2,"featured_media":3049,"comment_status":"open","ping_status":"open","sticky":false,"template":"","format":"standard","meta":{"footnotes":""},"categories":[1],"tags":[],"class_list":["post-4451","post","type-post","status-publish","format-standard","has-post-thumbnail","hentry","category-sin-categoria"],"_links":{"self":[{"href":"http:\/\/zonade3.com.ar\/blog\/wp-json\/wp\/v2\/posts\/4451","targetHints":{"allow":["GET"]}}],"collection":[{"href":"http:\/\/zonade3.com.ar\/blog\/wp-json\/wp\/v2\/posts"}],"about":[{"href":"http:\/\/zonade3.com.ar\/blog\/wp-json\/wp\/v2\/types\/post"}],"author":[{"embeddable":true,"href":"http:\/\/zonade3.com.ar\/blog\/wp-json\/wp\/v2\/users\/2"}],"replies":[{"embeddable":true,"href":"http:\/\/zonade3.com.ar\/blog\/wp-json\/wp\/v2\/comments?post=4451"}],"version-history":[{"count":1,"href":"http:\/\/zonade3.com.ar\/blog\/wp-json\/wp\/v2\/posts\/4451\/revisions"}],"predecessor-version":[{"id":4452,"href":"http:\/\/zonade3.com.ar\/blog\/wp-json\/wp\/v2\/posts\/4451\/revisions\/4452"}],"wp:featuredmedia":[{"embeddable":true,"href":"http:\/\/zonade3.com.ar\/blog\/wp-json\/wp\/v2\/media\/3049"}],"wp:attachment":[{"href":"http:\/\/zonade3.com.ar\/blog\/wp-json\/wp\/v2\/media?parent=4451"}],"wp:term":[{"taxonomy":"category","embeddable":true,"href":"http:\/\/zonade3.com.ar\/blog\/wp-json\/wp\/v2\/categories?post=4451"},{"taxonomy":"post_tag","embeddable":true,"href":"http:\/\/zonade3.com.ar\/blog\/wp-json\/wp\/v2\/tags?post=4451"}],"curies":[{"name":"wp","href":"https:\/\/api.w.org\/{rel}","templated":true}]}}