{"id":4473,"date":"2018-05-31T00:00:06","date_gmt":"2018-05-31T00:00:06","guid":{"rendered":"http:\/\/zonade3.com.ar.ar\/blog\/?p=4473"},"modified":"2018-05-31T00:00:06","modified_gmt":"2018-05-31T00:00:06","slug":"bruno-orcellet-es-el-nuevo-refuerzo-de-racing-de-san-cristobal","status":"publish","type":"post","link":"http:\/\/zonade3.com.ar\/blog\/bruno-orcellet-es-el-nuevo-refuerzo-de-racing-de-san-cristobal\/","title":{"rendered":"Bruno Orcellet es el nuevo refuerzo de Racing de San Cristobal"},"content":{"rendered":"<p>En las ultimas horas Racing de San Cristobal concret\u00f3 la llegada de Bruno Orcellet, transform\u00e1ndose as\u00ed en el nuevo refuerzo de la entidad de la cabecera departamental para afrontar la segunda parte del a\u00f1o.<br \/>\nTras el corte de Juan Daniel Aguirre, la dirigencia se aboc\u00f3 r\u00e1pidamente a la b\u00fasqueda de otro jugador encontrando en la figura de Orcellet el reemplazante del reconquistense.<br \/>\nEl base es entrerriano de Concepci\u00f3n del Uruguay, nacido basquetbolisticamente en Parque Sur donde ocup\u00f3 plaza de juvenil, participando tambi\u00e9n de la Liga Provincial jugando para Ferro de San Salvador.<br \/>\nEn di\u00e1logo con nuestro colega Ramiro Mu\u00f1oz el base \u00abagradeci\u00f3 la confianza\u00bb de Racing en sus condiciones al tiempo que sostuvo que \u00ablas expectativas radican en tratar de dejar al club lo mas alto posible\u00bb. \u00abMe gust\u00f3 como me hablaron, las expectativas que hay en el club\u00bb, ahond\u00f3.<br \/>\nSi bien dijo que no habl\u00f3 demasiado de basquet con el t\u00e9cnico Radbel Hechavarria, prometi\u00f3 que \u00absiempre vamos a jugar con todas las ganas, a dejar todo dentro de la cancha; lo principal es conocer al equipo estas semanas y ver como juega cada uno para poder adaptarme a ellos\u00bb.<br \/>\nEn tanto, <strong>estar\u00edan muy avanzadas las negociaciones con otro entrerriano, Horacio Rigada,<\/strong> ex Sportivo Suardi y con actualidad en Atl\u00e9tico Sastre, por lo que las pr\u00f3ximas jornadas ser\u00edan decisivas para el futuro v\u00ednculo entre el jugador y el club sancristobalense.<\/p>\n","protected":false},"excerpt":{"rendered":"<p>En las ultimas horas Racing de San Cristobal concret\u00f3 la llegada de Bruno Orcellet, transform\u00e1ndose as\u00ed en el<\/p>\n","protected":false},"author":2,"featured_media":4476,"comment_status":"open","ping_status":"open","sticky":false,"template":"","format":"standard","meta":{"footnotes":""},"categories":[1],"tags":[],"class_list":["post-4473","post","type-post","status-publish","format-standard","has-post-thumbnail","hentry","category-sin-categoria"],"_links":{"self":[{"href":"http:\/\/zonade3.com.ar\/blog\/wp-json\/wp\/v2\/posts\/4473","targetHints":{"allow":["GET"]}}],"collection":[{"href":"http:\/\/zonade3.com.ar\/blog\/wp-json\/wp\/v2\/posts"}],"about":[{"href":"http:\/\/zonade3.com.ar\/blog\/wp-json\/wp\/v2\/types\/post"}],"author":[{"embeddable":true,"href":"http:\/\/zonade3.com.ar\/blog\/wp-json\/wp\/v2\/users\/2"}],"replies":[{"embeddable":true,"href":"http:\/\/zonade3.com.ar\/blog\/wp-json\/wp\/v2\/comments?post=4473"}],"version-history":[{"count":1,"href":"http:\/\/zonade3.com.ar\/blog\/wp-json\/wp\/v2\/posts\/4473\/revisions"}],"predecessor-version":[{"id":4477,"href":"http:\/\/zonade3.com.ar\/blog\/wp-json\/wp\/v2\/posts\/4473\/revisions\/4477"}],"wp:featuredmedia":[{"embeddable":true,"href":"http:\/\/zonade3.com.ar\/blog\/wp-json\/wp\/v2\/media\/4476"}],"wp:attachment":[{"href":"http:\/\/zonade3.com.ar\/blog\/wp-json\/wp\/v2\/media?parent=4473"}],"wp:term":[{"taxonomy":"category","embeddable":true,"href":"http:\/\/zonade3.com.ar\/blog\/wp-json\/wp\/v2\/categories?post=4473"},{"taxonomy":"post_tag","embeddable":true,"href":"http:\/\/zonade3.com.ar\/blog\/wp-json\/wp\/v2\/tags?post=4473"}],"curies":[{"name":"wp","href":"https:\/\/api.w.org\/{rel}","templated":true}]}}