{"id":4486,"date":"2018-06-01T02:58:27","date_gmt":"2018-06-01T02:58:27","guid":{"rendered":"http:\/\/zonade3.com.ar.ar\/blog\/?p=4486"},"modified":"2018-06-01T02:58:27","modified_gmt":"2018-06-01T02:58:27","slug":"lucato-renovo-en-tiro-federal-de-morteros","status":"publish","type":"post","link":"http:\/\/zonade3.com.ar\/blog\/lucato-renovo-en-tiro-federal-de-morteros\/","title":{"rendered":"Lucato renov\u00f3 en Tiro Federal de Morteros"},"content":{"rendered":"<p>Gustavo Lucato seguir\u00e1 siendo el entrenador de Tiro Federal en la pr\u00f3xima temporada de la Liga Argentina.<br \/>\nEn di\u00e1logo con Radio Belgrano AM 1510, el t\u00e9cnico sunchalense dijo que \u00abcon los dirigentes ya hab\u00edamos entablado conversaciones antes de que termine nuestra temporada. Yo realmente me siento muy c\u00f3modo, creo que se est\u00e1n haciendo muy bien las cosas y eso ha sido fundamental para mi continuidad\u00bb.<br \/>\nLa instituci\u00f3n confirm\u00f3 su participaci\u00f3n en la pr\u00f3xima temporada luego de la gran campa\u00f1a 2017\/18. Lucato, coment\u00f3 que con el paso de los d\u00edas veremos como se ir\u00e1 armando el presupuesto para luego conformar el plantel.<br \/>\n\u00abLa zona Norte fue muy dura, con equipos siempre candidatos, no creo que el 2018\/19 sea la excepci\u00f3n\u00bb, afirm\u00f3 el t\u00e9cnico.<br \/>\nFuente: Radio Belgrano<\/p>\n","protected":false},"excerpt":{"rendered":"<p>Gustavo Lucato seguir\u00e1 siendo el entrenador de Tiro Federal en la pr\u00f3xima temporada de la Liga Argentina. En<\/p>\n","protected":false},"author":2,"featured_media":711,"comment_status":"open","ping_status":"open","sticky":false,"template":"","format":"standard","meta":{"footnotes":""},"categories":[1],"tags":[],"class_list":["post-4486","post","type-post","status-publish","format-standard","has-post-thumbnail","hentry","category-sin-categoria"],"_links":{"self":[{"href":"http:\/\/zonade3.com.ar\/blog\/wp-json\/wp\/v2\/posts\/4486","targetHints":{"allow":["GET"]}}],"collection":[{"href":"http:\/\/zonade3.com.ar\/blog\/wp-json\/wp\/v2\/posts"}],"about":[{"href":"http:\/\/zonade3.com.ar\/blog\/wp-json\/wp\/v2\/types\/post"}],"author":[{"embeddable":true,"href":"http:\/\/zonade3.com.ar\/blog\/wp-json\/wp\/v2\/users\/2"}],"replies":[{"embeddable":true,"href":"http:\/\/zonade3.com.ar\/blog\/wp-json\/wp\/v2\/comments?post=4486"}],"version-history":[{"count":1,"href":"http:\/\/zonade3.com.ar\/blog\/wp-json\/wp\/v2\/posts\/4486\/revisions"}],"predecessor-version":[{"id":4487,"href":"http:\/\/zonade3.com.ar\/blog\/wp-json\/wp\/v2\/posts\/4486\/revisions\/4487"}],"wp:featuredmedia":[{"embeddable":true,"href":"http:\/\/zonade3.com.ar\/blog\/wp-json\/wp\/v2\/media\/711"}],"wp:attachment":[{"href":"http:\/\/zonade3.com.ar\/blog\/wp-json\/wp\/v2\/media?parent=4486"}],"wp:term":[{"taxonomy":"category","embeddable":true,"href":"http:\/\/zonade3.com.ar\/blog\/wp-json\/wp\/v2\/categories?post=4486"},{"taxonomy":"post_tag","embeddable":true,"href":"http:\/\/zonade3.com.ar\/blog\/wp-json\/wp\/v2\/tags?post=4486"}],"curies":[{"name":"wp","href":"https:\/\/api.w.org\/{rel}","templated":true}]}}