{"id":4499,"date":"2018-06-03T05:04:35","date_gmt":"2018-06-03T05:04:35","guid":{"rendered":"http:\/\/zonade3.com.ar.ar\/blog\/?p=4499"},"modified":"2018-06-03T05:04:35","modified_gmt":"2018-06-03T05:04:35","slug":"torneo-federal-central-de-ceres-cerca-del-ascenso","status":"publish","type":"post","link":"http:\/\/zonade3.com.ar\/blog\/torneo-federal-central-de-ceres-cerca-del-ascenso\/","title":{"rendered":"Torneo Federal: Central de Ceres, cerca del ascenso"},"content":{"rendered":"<p>El \u00abaurinegro\u00bb derrot\u00f3 nuevamente a Lan\u00fas y en el segundo punto de la serie de Semifinales Nacionales. Los dirigidos por Lancellotti se impusieron 81-65 y se acercan al sue\u00f1o del ascenso a la segunda categor\u00eda del b\u00e1squetbol argentino.<br \/>\nLo gan\u00f3 de punta a punta y casi sin sobresaltos, a partir de un andar s\u00f3lido, basado en la intensa defensa y un juego colectivo aplomado.<br \/>\nCentral volvi\u00f3 a ganar y una vez m\u00e1s, se hizo fuerte de local. El \u00abgranate\u00bb nunca logr\u00f3 ponerlo en apuros y se sinti\u00f3 inc\u00f3modo, no solo trasladando, sino tambi\u00e9n, cada vez que busc\u00f3 lanzar.<br \/>\nEl primer segmento lo ganaba el equipo ceresino por cinco de diferencia (17-12) y pudo ampliar algo la distancia, aunque el juego dejaba la sensaci\u00f3n de haberlo estirado m\u00e1s a\u00fan.<br \/>\nPorque dividi\u00f3 cada pelota intensamente y desafi\u00f3 siempre al rival, con penetraciones o corriendo cada vez que se lo permitieron.<br \/>\nEl tercer cuarto y otra vez, al igual que el jueves, comenz\u00f3 a denunciar el destino del juego. El \u00abaurinegro\u00bb se fue al descanso, tras esos treinta minutos, quince puntos arriba en el lum\u00ednico (61-46).<br \/>\nY m\u00e1s all\u00e1 de restarle un rato al desarrollo, la tendencia comenz\u00f3 a mostrarse irreversible, porque Lan\u00fas segu\u00eda sin encontrar respuestas y, a pesar de las variantes que intent\u00f3.<br \/>\nCentral lo fue afirmando y festejo otro triunfo. Uno m\u00e1s y lo deja, a solo uno del sue\u00f1o del ascenso.<br \/>\n<strong>S\u00edntesis<\/strong><br \/>\nCENTRAL 81 (2) &#8211; LAN\u00daS 65 (0)<br \/>\nEstadio \u00abRa\u00fal Braica\u00bb<br \/>\nCENTRAL: Vittar (18); Gonz\u00e1lez (20); Liz\u00e1rraga (8); Ben\u00edtez (13); Mart\u00ednez (10); Salicr\u00fa (3); Quintana (9); Buticci; Sol\u00eds; Kulinsky; Fito; Milanesio. DT: Enrique Lancellotti.<br \/>\nLAN\u00daS: Jer\u00e9z Pillotti (5); Strack (8); Madera (8); Varela (7); Mansilla (13); Lucero (10); Cassettai (7); Quiercetti (2); \u00c1valos (2); Calder\u00f3n (3); Bacci; Su\u00e1rez. DT: Ezequiel Vallet.<br \/>\n\u00c1rbitros: Pietrom\u00f3naco-Raggio-Mudsky (La Plata-Ca\u00f1ada de G\u00f3mez-Santiago del Estero)<br \/>\nFuente: Adrian Tavella<\/p>\n","protected":false},"excerpt":{"rendered":"<p>El \u00abaurinegro\u00bb derrot\u00f3 nuevamente a Lan\u00fas y en el segundo punto de la serie de Semifinales Nacionales. Los<\/p>\n","protected":false},"author":2,"featured_media":3660,"comment_status":"open","ping_status":"open","sticky":false,"template":"","format":"standard","meta":{"footnotes":""},"categories":[1],"tags":[],"class_list":["post-4499","post","type-post","status-publish","format-standard","has-post-thumbnail","hentry","category-sin-categoria"],"_links":{"self":[{"href":"http:\/\/zonade3.com.ar\/blog\/wp-json\/wp\/v2\/posts\/4499","targetHints":{"allow":["GET"]}}],"collection":[{"href":"http:\/\/zonade3.com.ar\/blog\/wp-json\/wp\/v2\/posts"}],"about":[{"href":"http:\/\/zonade3.com.ar\/blog\/wp-json\/wp\/v2\/types\/post"}],"author":[{"embeddable":true,"href":"http:\/\/zonade3.com.ar\/blog\/wp-json\/wp\/v2\/users\/2"}],"replies":[{"embeddable":true,"href":"http:\/\/zonade3.com.ar\/blog\/wp-json\/wp\/v2\/comments?post=4499"}],"version-history":[{"count":1,"href":"http:\/\/zonade3.com.ar\/blog\/wp-json\/wp\/v2\/posts\/4499\/revisions"}],"predecessor-version":[{"id":4500,"href":"http:\/\/zonade3.com.ar\/blog\/wp-json\/wp\/v2\/posts\/4499\/revisions\/4500"}],"wp:featuredmedia":[{"embeddable":true,"href":"http:\/\/zonade3.com.ar\/blog\/wp-json\/wp\/v2\/media\/3660"}],"wp:attachment":[{"href":"http:\/\/zonade3.com.ar\/blog\/wp-json\/wp\/v2\/media?parent=4499"}],"wp:term":[{"taxonomy":"category","embeddable":true,"href":"http:\/\/zonade3.com.ar\/blog\/wp-json\/wp\/v2\/categories?post=4499"},{"taxonomy":"post_tag","embeddable":true,"href":"http:\/\/zonade3.com.ar\/blog\/wp-json\/wp\/v2\/tags?post=4499"}],"curies":[{"name":"wp","href":"https:\/\/api.w.org\/{rel}","templated":true}]}}