{"id":4512,"date":"2018-06-07T00:25:49","date_gmt":"2018-06-07T00:25:49","guid":{"rendered":"http:\/\/zonade3.com.ar.ar\/blog\/?p=4512"},"modified":"2018-06-07T03:23:14","modified_gmt":"2018-06-07T03:23:14","slug":"interasociativo-la-programacion","status":"publish","type":"post","link":"http:\/\/zonade3.com.ar\/blog\/interasociativo-la-programacion\/","title":{"rendered":"Interasociativo: los resultados del mi\u00e9rcoles"},"content":{"rendered":"<p><strong>Martes 05\/06\/2018<br \/>\n<\/strong>CULTURAL ARROYITO Vs. CLUB ALMAFUERTE (U-17 <strong>62-81<\/strong>) 1ra. Divisi\u00f3n (<strong>80-86<\/strong>) 9na.. Fecha<br \/>\nPORTE\u00d1A ASOC. Vs. CENTRO SOC. U-17<strong> (81-68)\u00a0<\/strong> y 1ra. Divisi\u00f3n<strong> (77-111)<\/strong> 10ma.. Fecha<strong><br \/>\nMiercoles 06\/06\/2018 (partidos de la 10ma.)<br \/>\n<\/strong>El Tala 71 \u2013 Tiro Federal 58<strong><br \/>\n<\/strong>San Jorge 98 \u2013 El Ceibo 90<strong><br \/>\n<\/strong>9 de Julio (M) 67 \u2013 9 de Julio Ol\u00edmpico (F) 89<strong><br \/>\n<\/strong>Cultural Arroyito 53 \u2013 Sociedad Sportiva Devoto 78<br \/>\n<strong>Jueves 07\/06\/2018<\/strong><br \/>\nALMAFUERTE LAS VARILLAS Vs. SAN ISIDRO U-15 y U-19 A partir de 20:00 Hs 10ma.. Fecha<br \/>\nSAN JORGE Vs. ASOCIACION \u00abEL CEIBO\u00bb U-15 y U-19 A partir de 20:00 Hs 10ma.. Fecha<br \/>\n<strong>Lunes 11\/06\/2018<\/strong><br \/>\nALMAFUERTEVs. CLUB ATLETICO SAN ISIDRO U-17 y 1ra. Divisi\u00f3n 20:00 Hs. &#8211; 22:00 Hs. 10ma.. Fecha<br \/>\nNUEVE DE JULIO Vs. NUEVE DE JULIO O. DE FREYRE U-15 y U-19 A partir de 20:00 Hs 10ma.. Fecha<br \/>\nCLUB \u00abEL TALA\u00bb Vs. TIRO FED. Y DEP. MORTEROS U-15 y U-19 A partir de 20:00 Hs 10ma.. Fecha<br \/>\nPORTE\u00d1A ASOC. Vs. CENTRO SOC. Y DEP. BRINKMANN U-15 y U-19 A partir de 20:00 Hs 10ma..<br \/>\nCULTURAL ARROYITO Vs. SOC. SPORTIVA DEVOTO U-15 y U-19 A partir de 20:00 Hs 10ma.. Fecha<br \/>\n<strong>Miercoles 13\/06\/2018<\/strong><br \/>\nSAN JORGE Vs. ASOC. DEPORTIVA NUEVE DE JULIO U-17 y 1ra. Divisi\u00f3n 20:00 Hs. &#8211; 22:00 Hs. 2da.<\/p>\n<p><strong>Tabla de posiciones:<\/strong> 9 de Julio Ol\u00edmpico (F) 17, 9 de Julio (M) 17, El Tala 16, Porte\u00f1a Asociaci\u00f3n 16, Soc. Sportiva Devoto 16, San Jorge 15, Centro Social 15, Tiro Federal 15, El Ceibo 14, Almafuerte 12, San Isidro 11, Cultural Arroyito 10<\/p>\n","protected":false},"excerpt":{"rendered":"<p>Martes 05\/06\/2018 CULTURAL ARROYITO Vs. CLUB ALMAFUERTE (U-17 62-81) 1ra. Divisi\u00f3n (80-86) 9na.. Fecha PORTE\u00d1A ASOC. Vs. CENTRO<\/p>\n","protected":false},"author":2,"featured_media":4091,"comment_status":"open","ping_status":"open","sticky":false,"template":"","format":"standard","meta":{"footnotes":""},"categories":[1],"tags":[],"class_list":["post-4512","post","type-post","status-publish","format-standard","has-post-thumbnail","hentry","category-sin-categoria"],"_links":{"self":[{"href":"http:\/\/zonade3.com.ar\/blog\/wp-json\/wp\/v2\/posts\/4512","targetHints":{"allow":["GET"]}}],"collection":[{"href":"http:\/\/zonade3.com.ar\/blog\/wp-json\/wp\/v2\/posts"}],"about":[{"href":"http:\/\/zonade3.com.ar\/blog\/wp-json\/wp\/v2\/types\/post"}],"author":[{"embeddable":true,"href":"http:\/\/zonade3.com.ar\/blog\/wp-json\/wp\/v2\/users\/2"}],"replies":[{"embeddable":true,"href":"http:\/\/zonade3.com.ar\/blog\/wp-json\/wp\/v2\/comments?post=4512"}],"version-history":[{"count":5,"href":"http:\/\/zonade3.com.ar\/blog\/wp-json\/wp\/v2\/posts\/4512\/revisions"}],"predecessor-version":[{"id":4520,"href":"http:\/\/zonade3.com.ar\/blog\/wp-json\/wp\/v2\/posts\/4512\/revisions\/4520"}],"wp:featuredmedia":[{"embeddable":true,"href":"http:\/\/zonade3.com.ar\/blog\/wp-json\/wp\/v2\/media\/4091"}],"wp:attachment":[{"href":"http:\/\/zonade3.com.ar\/blog\/wp-json\/wp\/v2\/media?parent=4512"}],"wp:term":[{"taxonomy":"category","embeddable":true,"href":"http:\/\/zonade3.com.ar\/blog\/wp-json\/wp\/v2\/categories?post=4512"},{"taxonomy":"post_tag","embeddable":true,"href":"http:\/\/zonade3.com.ar\/blog\/wp-json\/wp\/v2\/tags?post=4512"}],"curies":[{"name":"wp","href":"https:\/\/api.w.org\/{rel}","templated":true}]}}