{"id":4856,"date":"2018-07-19T03:45:01","date_gmt":"2018-07-19T03:45:01","guid":{"rendered":"http:\/\/zonade3.com.ar.ar\/blog\/?p=4856"},"modified":"2018-07-19T03:52:32","modified_gmt":"2018-07-19T03:52:32","slug":"san-jorge-de-brinkmann-presento-oficialmente-a-gustavo-boretti","status":"publish","type":"post","link":"http:\/\/zonade3.com.ar\/blog\/san-jorge-de-brinkmann-presento-oficialmente-a-gustavo-boretti\/","title":{"rendered":"San Jorge de Brinkmann present\u00f3 oficialmente a Gustavo Boretti"},"content":{"rendered":"<p>Se llev\u00f3 a cabo la conferencia de prensa en el Club San Jorge que propici\u00f3 la presentaci\u00f3n oficial de Gustavo Boretti como nuevo entrenador de Primera Divisi\u00f3n.<br \/>\nEl presidente del club, Lucas Perrosino, dio la bienvenida al \u00abFlaco\u00bb junto al dirigente de la subcomisi\u00f3n, Marcelo Gudi\u00f1o.<br \/>\nA su turno, Dar\u00edo Borr\u00e9, luego de recibir palabras de agradecimiento por su tarea por parte de los dirigentes, cont\u00f3 a los medios presentes que fue iniciativa suya sobre la llegada Gustavo Boretti que tambi\u00e9n se mostr\u00f3 expectante por el trabajo que pueda realizar en la entidad brinkmanense.<br \/>\nEn torno a Dar\u00edo Borr\u00e9, saliente entrenador y hombre clave en la historia de la disciplina en el club brinkmanense, deja el cargo para abocarse al trabajo de inferiores. No se descarta la posibilidad de que pueda ejercer en un futuro como manager o coordinador deportivo de la instituci\u00f3n \u201csanta\u201d.<br \/>\nFoto: Universal Medios<\/p>\n","protected":false},"excerpt":{"rendered":"<p>Se llev\u00f3 a cabo la conferencia de prensa en el Club San Jorge que propici\u00f3 la presentaci\u00f3n oficial<\/p>\n","protected":false},"author":2,"featured_media":4857,"comment_status":"open","ping_status":"open","sticky":false,"template":"","format":"standard","meta":{"footnotes":""},"categories":[1],"tags":[],"class_list":["post-4856","post","type-post","status-publish","format-standard","has-post-thumbnail","hentry","category-sin-categoria"],"_links":{"self":[{"href":"http:\/\/zonade3.com.ar\/blog\/wp-json\/wp\/v2\/posts\/4856","targetHints":{"allow":["GET"]}}],"collection":[{"href":"http:\/\/zonade3.com.ar\/blog\/wp-json\/wp\/v2\/posts"}],"about":[{"href":"http:\/\/zonade3.com.ar\/blog\/wp-json\/wp\/v2\/types\/post"}],"author":[{"embeddable":true,"href":"http:\/\/zonade3.com.ar\/blog\/wp-json\/wp\/v2\/users\/2"}],"replies":[{"embeddable":true,"href":"http:\/\/zonade3.com.ar\/blog\/wp-json\/wp\/v2\/comments?post=4856"}],"version-history":[{"count":3,"href":"http:\/\/zonade3.com.ar\/blog\/wp-json\/wp\/v2\/posts\/4856\/revisions"}],"predecessor-version":[{"id":4860,"href":"http:\/\/zonade3.com.ar\/blog\/wp-json\/wp\/v2\/posts\/4856\/revisions\/4860"}],"wp:featuredmedia":[{"embeddable":true,"href":"http:\/\/zonade3.com.ar\/blog\/wp-json\/wp\/v2\/media\/4857"}],"wp:attachment":[{"href":"http:\/\/zonade3.com.ar\/blog\/wp-json\/wp\/v2\/media?parent=4856"}],"wp:term":[{"taxonomy":"category","embeddable":true,"href":"http:\/\/zonade3.com.ar\/blog\/wp-json\/wp\/v2\/categories?post=4856"},{"taxonomy":"post_tag","embeddable":true,"href":"http:\/\/zonade3.com.ar\/blog\/wp-json\/wp\/v2\/tags?post=4856"}],"curies":[{"name":"wp","href":"https:\/\/api.w.org\/{rel}","templated":true}]}}