{"id":4932,"date":"2018-08-01T03:32:40","date_gmt":"2018-08-01T03:32:40","guid":{"rendered":"http:\/\/zonade3.com.ar.ar\/blog\/?p=4932"},"modified":"2018-08-01T03:32:40","modified_gmt":"2018-08-01T03:32:40","slug":"interasociativo-novedades-y-programacion-del-torneo-clausura","status":"publish","type":"post","link":"http:\/\/zonade3.com.ar\/blog\/interasociativo-novedades-y-programacion-del-torneo-clausura\/","title":{"rendered":"Interasociativo: novedades y programaci\u00f3n del Torneo Clausura"},"content":{"rendered":"<p>Este viernes, comienza el Torneo Clausura del Interasociativo de Primera Divisi\u00f3n luego de lo fue consagraci\u00f3n de 9 de Julio Ol\u00edmpico de Freyre en la definci\u00f3n con 9 de Julio de Morteros.<br \/>\nDe la mas reciente reuni\u00f3n de autoridades surgieron algunas novedades para el Torneo Clausura.<br \/>\nEn la Jornada de \u201cPrimera Divisi\u00f3n\u201d es OBLIGATORIA la presencia de custodia Policial (m\u00ednimo dos agentes uniformados y\/o los que se consideren necesarios por la importancia del partido). Los \u00c1rbitros tienen la obligaci\u00f3n de NO comenzar el partido si no est\u00e1n dadas las condiciones de seguridad. El no cumplimiento har\u00e1 pasible al Club de una multa de dos (2) AJC, la reiteraci\u00f3n duplicar\u00e1 la cantidad de AJC. Adem\u00e1s, ser\u00e1 motivo de suspensi\u00f3n del partido por parte del Juez Principal, con la p\u00e9rdida del mismo para el equipo local.<br \/>\nSe recuerda que para el Torneo Clausura 2018, los jugadores deber\u00e1n presentar en cancha el \u201cNuevo\u201d carnet Federativo, por tal motivo se solicita VERIFICAR LOS CARNET A LOS FINES DE CORROBORAR QUE LOS JUGADORES EST\u00c9N HABILITADOS A LOS FINES DE EVITAR INCONVENIENTES AL MOMENTO DE JUEGO.<br \/>\nPara el Torneo Clausura se podr\u00e1n incorporar dos (2) jugadores \u201cMayores\u201d (Incluyendo jugadores U-20 y U-21) y dos (2) jugadores U-19. Plazo para el ingreso de los pases: 48 horas antes del inicio de la 3er. Fecha. La cantidad de pases e incorporaciones en las categor\u00edas U15 y U17 ser\u00e1 libre\u201d.<br \/>\n<strong>Los partidos de la primera fecha<\/strong><br \/>\nAlmafuerte Las Varillas \u2013 San Jorge<br \/>\nSan Isidro \u2013 Nueve de Morteros<br \/>\nEl Ceibo \u2013 El Tala<br \/>\nNueve de Freyre \u2013 Porte\u00f1a Asociaci\u00f3n<br \/>\nTiro Federal \u2013 Cultural de Arroyito<br \/>\nCentro Social \u2013 Soc. Sp. Devoto<\/p>\n","protected":false},"excerpt":{"rendered":"<p>Este viernes, comienza el Torneo Clausura del Interasociativo de Primera Divisi\u00f3n luego de lo fue consagraci\u00f3n de 9<\/p>\n","protected":false},"author":2,"featured_media":4091,"comment_status":"open","ping_status":"open","sticky":false,"template":"","format":"standard","meta":{"footnotes":""},"categories":[1],"tags":[],"class_list":["post-4932","post","type-post","status-publish","format-standard","has-post-thumbnail","hentry","category-sin-categoria"],"_links":{"self":[{"href":"http:\/\/zonade3.com.ar\/blog\/wp-json\/wp\/v2\/posts\/4932","targetHints":{"allow":["GET"]}}],"collection":[{"href":"http:\/\/zonade3.com.ar\/blog\/wp-json\/wp\/v2\/posts"}],"about":[{"href":"http:\/\/zonade3.com.ar\/blog\/wp-json\/wp\/v2\/types\/post"}],"author":[{"embeddable":true,"href":"http:\/\/zonade3.com.ar\/blog\/wp-json\/wp\/v2\/users\/2"}],"replies":[{"embeddable":true,"href":"http:\/\/zonade3.com.ar\/blog\/wp-json\/wp\/v2\/comments?post=4932"}],"version-history":[{"count":1,"href":"http:\/\/zonade3.com.ar\/blog\/wp-json\/wp\/v2\/posts\/4932\/revisions"}],"predecessor-version":[{"id":4933,"href":"http:\/\/zonade3.com.ar\/blog\/wp-json\/wp\/v2\/posts\/4932\/revisions\/4933"}],"wp:featuredmedia":[{"embeddable":true,"href":"http:\/\/zonade3.com.ar\/blog\/wp-json\/wp\/v2\/media\/4091"}],"wp:attachment":[{"href":"http:\/\/zonade3.com.ar\/blog\/wp-json\/wp\/v2\/media?parent=4932"}],"wp:term":[{"taxonomy":"category","embeddable":true,"href":"http:\/\/zonade3.com.ar\/blog\/wp-json\/wp\/v2\/categories?post=4932"},{"taxonomy":"post_tag","embeddable":true,"href":"http:\/\/zonade3.com.ar\/blog\/wp-json\/wp\/v2\/tags?post=4932"}],"curies":[{"name":"wp","href":"https:\/\/api.w.org\/{rel}","templated":true}]}}