{"id":4934,"date":"2018-08-01T03:47:38","date_gmt":"2018-08-01T03:47:38","guid":{"rendered":"http:\/\/zonade3.com.ar.ar\/blog\/?p=4934"},"modified":"2018-08-01T03:47:38","modified_gmt":"2018-08-01T03:47:38","slug":"interasociativo-el-repaso-de-todos-los-campeones-en-divisiones-menores","status":"publish","type":"post","link":"http:\/\/zonade3.com.ar\/blog\/interasociativo-el-repaso-de-todos-los-campeones-en-divisiones-menores\/","title":{"rendered":"Interasociativo: el repaso de todos los campeones en Divisiones Menores"},"content":{"rendered":"<p>El repaso a todos los campeones de las divisiones menores del Interasociativo regional.<br \/>\n<strong>Categor\u00eda U15<\/strong><br \/>\n<strong>COPA DE ORO:<\/strong><br \/>\nCampe\u00f3n: Club Deportivo y Cultural Arroyito<br \/>\n2\u00ba Puesto: Club Almafuerte de Las Varillas<br \/>\n3\u00ba Puesto: Club \u201cEl Tala\u201d<br \/>\n4\u00ba Puesto: Club Atl\u00e9tico y Cultural San Jorge<br \/>\n<strong>COPA DE PLATA:<\/strong><br \/>\n1\u00ba Puesto: Asociaci\u00f3n \u201cEl Ceibo\u201d<br \/>\n2\u00ba Puesto: Porte\u00f1a Asoc. Cultural y Deportiva<br \/>\n3\u00ba Puesto: Club Atl\u00e9tico San Isidro<br \/>\n4\u00ba Puesto: Centro Social y Deportivo Brinkmann<br \/>\n<strong>COPA DE BRONCE<\/strong><br \/>\n1\u00ba Puesto: Tiro Federal y Deportivo Morteros<br \/>\n2\u00ba Puesto: Asoc. Deportiva \u201c9\u201d de Julio<br \/>\n3\u00ba Puesto: Sociedad Sportiva Devoto<br \/>\n4\u00ba Puesto: Nueve de Julio Ol\u00edmpico de Freyre<br \/>\n<strong>Categor\u00eda U17<\/strong><br \/>\nSan Isidro y El Tala protagonizar\u00e1n otra final del Torneo Interasociativo pero esta vez en la categor\u00eda U17. Desde las 20 horas de este mi\u00e9rcoles definir\u00e1n quien es el campe\u00f3n de la divisi\u00f3n en el Apertura.<br \/>\n<strong>Categor\u00eda U19<br \/>\n<\/strong>San Isidro le volvi\u00f3 a ganar una final a El Tala y se consagr\u00f3 campe\u00f3n del Apertura del Torneo Interasociativo en la categor\u00eda U19. Fue de visitante por 79 a 65.<br \/>\nPor tercer a\u00f1o consecutivo el \u201calbo\u201d y el \u201csanto\u201d volvieron a definir un torneo Interasociativo en la categor\u00eda U19. Nuevamente el club de calle Corrientes se alz\u00f3 con el t\u00edtulo tras ganar la \u00fanica final de la Copa de Oro por 79 a 65 en el estadio \u201cLuis Rafael Ferreyra\u201d.<strong><br \/>\n<\/strong><\/p>\n","protected":false},"excerpt":{"rendered":"<p>El repaso a todos los campeones de las divisiones menores del Interasociativo regional. Categor\u00eda U15 COPA DE ORO:<\/p>\n","protected":false},"author":2,"featured_media":4091,"comment_status":"open","ping_status":"open","sticky":false,"template":"","format":"standard","meta":{"footnotes":""},"categories":[1],"tags":[],"class_list":["post-4934","post","type-post","status-publish","format-standard","has-post-thumbnail","hentry","category-sin-categoria"],"_links":{"self":[{"href":"http:\/\/zonade3.com.ar\/blog\/wp-json\/wp\/v2\/posts\/4934","targetHints":{"allow":["GET"]}}],"collection":[{"href":"http:\/\/zonade3.com.ar\/blog\/wp-json\/wp\/v2\/posts"}],"about":[{"href":"http:\/\/zonade3.com.ar\/blog\/wp-json\/wp\/v2\/types\/post"}],"author":[{"embeddable":true,"href":"http:\/\/zonade3.com.ar\/blog\/wp-json\/wp\/v2\/users\/2"}],"replies":[{"embeddable":true,"href":"http:\/\/zonade3.com.ar\/blog\/wp-json\/wp\/v2\/comments?post=4934"}],"version-history":[{"count":1,"href":"http:\/\/zonade3.com.ar\/blog\/wp-json\/wp\/v2\/posts\/4934\/revisions"}],"predecessor-version":[{"id":4935,"href":"http:\/\/zonade3.com.ar\/blog\/wp-json\/wp\/v2\/posts\/4934\/revisions\/4935"}],"wp:featuredmedia":[{"embeddable":true,"href":"http:\/\/zonade3.com.ar\/blog\/wp-json\/wp\/v2\/media\/4091"}],"wp:attachment":[{"href":"http:\/\/zonade3.com.ar\/blog\/wp-json\/wp\/v2\/media?parent=4934"}],"wp:term":[{"taxonomy":"category","embeddable":true,"href":"http:\/\/zonade3.com.ar\/blog\/wp-json\/wp\/v2\/categories?post=4934"},{"taxonomy":"post_tag","embeddable":true,"href":"http:\/\/zonade3.com.ar\/blog\/wp-json\/wp\/v2\/tags?post=4934"}],"curies":[{"name":"wp","href":"https:\/\/api.w.org\/{rel}","templated":true}]}}