{"id":4936,"date":"2018-08-01T13:22:55","date_gmt":"2018-08-01T13:22:55","guid":{"rendered":"http:\/\/zonade3.com.ar.ar\/blog\/?p=4936"},"modified":"2018-08-01T13:23:37","modified_gmt":"2018-08-01T13:23:37","slug":"9-de-julio-de-morteros-presento-oficialmente-a-rossotto","status":"publish","type":"post","link":"http:\/\/zonade3.com.ar\/blog\/9-de-julio-de-morteros-presento-oficialmente-a-rossotto\/","title":{"rendered":"9 de Julio de Morteros present\u00f3 oficialmente a Rossotto"},"content":{"rendered":"<p>Este martes, por medio de una conferencia de prensa, 9 de Julio de Morteros present\u00f3 al cuerpo t\u00e9cnico de la Primera Divisi\u00f3n.<br \/>\nDesde la entidad celeste de Morteros reflejaron que \u00abcon este plantel de profesionales apostamos a jerarquizar nuestro juego, nutrir las categor\u00edas formativas, renovar la estructura de trabajo y continuar desarrollando integradamente este deporte en nuestra instituci\u00f3n\u00bb.<br \/>\nEl nuevo cuerpo t\u00e9cnico est\u00e1 encabezado por el DIRECTOR T\u00c9CNICO GUSTAVO ROSSOTTO, quien dirigir\u00e1 los equipos de Primera y U 19 y coordinar\u00e1 de forma general el b\u00e1squet celeste.<br \/>\nC\u00c9SAR SOBRERO, es el Asistente t\u00e9cnico de Primera y U 19 y tambi\u00e9n DT de las categor\u00edas: U13, U15 y U17. KEVIN BOSCAROL es el nuevo Preparador f\u00edsico de las categor\u00edas U15 a PRIMERA.<br \/>\nLEANDRO CONTI contin\u00faa como Profesor de las categor\u00edas Mosquito, Pre Mini y Mini, y por supuesto, como Jugador de Primera.<br \/>\nBRUNO MENGONI contin\u00faa como Profesor de las categor\u00edas Mosquito, Pre Mini y Mini.<br \/>\nFACUNDO COSTAMAGNA es el nuevo Monitor de las categor\u00edas Mosquito, Pre Mini y Mini, y por supuesto, Jugador de Primera.<br \/>\nLos KINESI\u00d3LOGOS son Lic. Henry Fontanesi y Lic. Luciano Cravero y\u00a0los UTILEROS: Julio Bottero y Ra\u00fal Toto Ruiz.<br \/>\nFuente\/foto: Prensa 9 de Julio<\/p>\n","protected":false},"excerpt":{"rendered":"<p>Este martes, por medio de una conferencia de prensa, 9 de Julio de Morteros present\u00f3 al cuerpo t\u00e9cnico<\/p>\n","protected":false},"author":2,"featured_media":4937,"comment_status":"open","ping_status":"open","sticky":false,"template":"","format":"standard","meta":{"footnotes":""},"categories":[1],"tags":[],"class_list":["post-4936","post","type-post","status-publish","format-standard","has-post-thumbnail","hentry","category-sin-categoria"],"_links":{"self":[{"href":"http:\/\/zonade3.com.ar\/blog\/wp-json\/wp\/v2\/posts\/4936","targetHints":{"allow":["GET"]}}],"collection":[{"href":"http:\/\/zonade3.com.ar\/blog\/wp-json\/wp\/v2\/posts"}],"about":[{"href":"http:\/\/zonade3.com.ar\/blog\/wp-json\/wp\/v2\/types\/post"}],"author":[{"embeddable":true,"href":"http:\/\/zonade3.com.ar\/blog\/wp-json\/wp\/v2\/users\/2"}],"replies":[{"embeddable":true,"href":"http:\/\/zonade3.com.ar\/blog\/wp-json\/wp\/v2\/comments?post=4936"}],"version-history":[{"count":2,"href":"http:\/\/zonade3.com.ar\/blog\/wp-json\/wp\/v2\/posts\/4936\/revisions"}],"predecessor-version":[{"id":4939,"href":"http:\/\/zonade3.com.ar\/blog\/wp-json\/wp\/v2\/posts\/4936\/revisions\/4939"}],"wp:featuredmedia":[{"embeddable":true,"href":"http:\/\/zonade3.com.ar\/blog\/wp-json\/wp\/v2\/media\/4937"}],"wp:attachment":[{"href":"http:\/\/zonade3.com.ar\/blog\/wp-json\/wp\/v2\/media?parent=4936"}],"wp:term":[{"taxonomy":"category","embeddable":true,"href":"http:\/\/zonade3.com.ar\/blog\/wp-json\/wp\/v2\/categories?post=4936"},{"taxonomy":"post_tag","embeddable":true,"href":"http:\/\/zonade3.com.ar\/blog\/wp-json\/wp\/v2\/tags?post=4936"}],"curies":[{"name":"wp","href":"https:\/\/api.w.org\/{rel}","templated":true}]}}