{"id":4940,"date":"2018-08-02T04:25:03","date_gmt":"2018-08-02T04:25:03","guid":{"rendered":"http:\/\/zonade3.com.ar.ar\/blog\/?p=4940"},"modified":"2018-08-02T05:19:39","modified_gmt":"2018-08-02T05:19:39","slug":"interasociativo-las-novedades-de-los-clubes-de-cara-al-clausura","status":"publish","type":"post","link":"http:\/\/zonade3.com.ar\/blog\/interasociativo-las-novedades-de-los-clubes-de-cara-al-clausura\/","title":{"rendered":"Interasociativo: las novedades de los clubes de cara al Clausura"},"content":{"rendered":"<p>Se viene el Torneo Clausura y es conveniente hacer un repaso de las novedades de cada uno de los clubes que participan en el Torneo Interasociativo y que luego del descanso renuevan expectativas, algunos incluso poniendo la mira en la futura Liga Cordobesa 18\/19.<br \/>\nEl ultimo campe\u00f3n, 9 de Julio Ol\u00edmpico de Freyre incorpora al sanfrancisque\u00f1o Tom\u00e1s Aimaretti en reemplazo de Gast\u00f3n C\u00f3rdoba, nacido en la cantera del patrio, que siempre viene a dar una mano, aunque se sabe que hoy por hoy su prioridad es jugar categor\u00edas nacionales.<br \/>\nEn 9 de Julio de Morteros, el equipo del flamante entrenador Gustavo Rossotto, se incorporaron Miguel Isola y Rodrigo Riquelme. Se fueron Rodrigo Alvarez y Carlos Altamirano que tiene nuevo club: Col\u00f3n de San Justo.<br \/>\nEn tanto, en Tiro Federal siguen la mayor\u00eda de los que ven\u00edan jugando, sumado a la continuidad del experimentado Luis Martina y est\u00e1 por verse si sigue Agust\u00edn Busso. Adem\u00e1s, llega el juvenil ex Sportivo Suardi, Nahuel Fino.<br \/>\nPor su parte, en San Jorge de Brinkmann ya no cuentan con Nicol\u00e1s Herrera pero retorna Javier Mart\u00edn que ven\u00eda militando en Porte\u00f1a Asoc.<br \/>\nEn El Ceibo, Luciano Mancuso toma la posta como entrenador ante la salida de Marcos Fuiguerero el cual tuvo una nueva oportunidad en Liga Argentina, recalando en Ober\u00e1 de Misiones como ayudante.<br \/>\nPor el lado de Centro Social de Brinkmann confirman el mismo plantel del Apertura. Hab\u00eda algunas dudas con A. Beltr\u00e1n, aunque continuar\u00eda en la instituci\u00f3n \u00abroja y negra\u00bb.<br \/>\nAlmafuerte de Las Varillas cuenta con la buena nueva del retorno de Rodrigo Alvarez, que refuerza as\u00ed al club varillense proveniente de 9 de Julio de Morteros donde estuvo un par de a\u00f1os.<br \/>\nEn San Isidro no habr\u00eda grandes novedades por lo que seguir\u00eda el mismo plantel mientras que en El Tala y Cultural de Arroyito tampoco habr\u00eda cambios.<br \/>\nEn Devoto, continuar\u00edan el grueso de los nombres como Gustavo Mart\u00edn, Hernan Faletto y Cristian Boretti, entre otros. Cabe destacar que Manuel Olocco podr\u00eda jugar algunos partidos del Clausura antes de empezar a entrenar en Rocamora.<br \/>\nPor ultimo, Porte\u00f1a Asoc. ya no tendr\u00e1 a Isola, Joaquin Baeza y el \u00abFlaco\u00bb Mart\u00edn por lo que apostar\u00e1 a la vieja guardia para desarrollar lo suyo en lo que viene.<\/p>\n","protected":false},"excerpt":{"rendered":"<p>Se viene el Torneo Clausura y es conveniente hacer un repaso de las novedades de cada uno de<\/p>\n","protected":false},"author":2,"featured_media":4760,"comment_status":"open","ping_status":"open","sticky":false,"template":"","format":"standard","meta":{"footnotes":""},"categories":[1],"tags":[],"class_list":["post-4940","post","type-post","status-publish","format-standard","has-post-thumbnail","hentry","category-sin-categoria"],"_links":{"self":[{"href":"http:\/\/zonade3.com.ar\/blog\/wp-json\/wp\/v2\/posts\/4940","targetHints":{"allow":["GET"]}}],"collection":[{"href":"http:\/\/zonade3.com.ar\/blog\/wp-json\/wp\/v2\/posts"}],"about":[{"href":"http:\/\/zonade3.com.ar\/blog\/wp-json\/wp\/v2\/types\/post"}],"author":[{"embeddable":true,"href":"http:\/\/zonade3.com.ar\/blog\/wp-json\/wp\/v2\/users\/2"}],"replies":[{"embeddable":true,"href":"http:\/\/zonade3.com.ar\/blog\/wp-json\/wp\/v2\/comments?post=4940"}],"version-history":[{"count":2,"href":"http:\/\/zonade3.com.ar\/blog\/wp-json\/wp\/v2\/posts\/4940\/revisions"}],"predecessor-version":[{"id":4945,"href":"http:\/\/zonade3.com.ar\/blog\/wp-json\/wp\/v2\/posts\/4940\/revisions\/4945"}],"wp:featuredmedia":[{"embeddable":true,"href":"http:\/\/zonade3.com.ar\/blog\/wp-json\/wp\/v2\/media\/4760"}],"wp:attachment":[{"href":"http:\/\/zonade3.com.ar\/blog\/wp-json\/wp\/v2\/media?parent=4940"}],"wp:term":[{"taxonomy":"category","embeddable":true,"href":"http:\/\/zonade3.com.ar\/blog\/wp-json\/wp\/v2\/categories?post=4940"},{"taxonomy":"post_tag","embeddable":true,"href":"http:\/\/zonade3.com.ar\/blog\/wp-json\/wp\/v2\/tags?post=4940"}],"curies":[{"name":"wp","href":"https:\/\/api.w.org\/{rel}","templated":true}]}}