{"id":4946,"date":"2018-08-02T13:09:20","date_gmt":"2018-08-02T13:09:20","guid":{"rendered":"http:\/\/zonade3.com.ar.ar\/blog\/?p=4946"},"modified":"2018-08-02T13:09:20","modified_gmt":"2018-08-02T13:09:20","slug":"interasociativo-san-isidro-lo-hizo-de-nuevo-campeon-en-u17","status":"publish","type":"post","link":"http:\/\/zonade3.com.ar\/blog\/interasociativo-san-isidro-lo-hizo-de-nuevo-campeon-en-u17\/","title":{"rendered":"Interasociativo: San Isidro lo hizo de nuevo, campe\u00f3n en U17"},"content":{"rendered":"<p>El \u201csanto\u201d grit\u00f3 campe\u00f3n en otra categor\u00eda formativa. Como lo hab\u00eda hecho en U19 ahora lo hizo en U17. Le gan\u00f3 la final de la Copa de Oro tambi\u00e9n a El Tala por 52 a 43 y de esta manera se qued\u00f3 con el t\u00edtulo del campeonato Apertura.<br \/>\nEl \u201calbo\u201d comenz\u00f3 mejor el partido e incluso se fue al descanso largo arriba en el tablero electr\u00f3nico. Pero el \u201csanto\u201d se hizo fuerte de local y en el segundo tiempo quem\u00f3 las naves para superar a su rival y alzarse con el campeonato.<br \/>\nDe esta manera la categor\u00eda U17 de San Isidro sigue dando que hablar. Tras ganar el Torneo Correcaminos y quedar entre los cuatro mejores de la fase regular de la Liga Provincial, ahora se qued\u00f3 con el Apertura del Torneo Interasociativo.<br \/>\nCon el cierre de esta divisi\u00f3n los campeones fueron en U15 Cultural Arroyito, en U17 San Isidro, en U19 San Isidro y en Primera Divisi\u00f3n 9 de Julio Ol\u00edmpico de Freyre.<br \/>\nFuente\/Foto: DiarioSports<\/p>\n","protected":false},"excerpt":{"rendered":"<p>El \u201csanto\u201d grit\u00f3 campe\u00f3n en otra categor\u00eda formativa. Como lo hab\u00eda hecho en U19 ahora lo hizo en<\/p>\n","protected":false},"author":2,"featured_media":4947,"comment_status":"open","ping_status":"open","sticky":false,"template":"","format":"standard","meta":{"footnotes":""},"categories":[1],"tags":[],"class_list":["post-4946","post","type-post","status-publish","format-standard","has-post-thumbnail","hentry","category-sin-categoria"],"_links":{"self":[{"href":"http:\/\/zonade3.com.ar\/blog\/wp-json\/wp\/v2\/posts\/4946","targetHints":{"allow":["GET"]}}],"collection":[{"href":"http:\/\/zonade3.com.ar\/blog\/wp-json\/wp\/v2\/posts"}],"about":[{"href":"http:\/\/zonade3.com.ar\/blog\/wp-json\/wp\/v2\/types\/post"}],"author":[{"embeddable":true,"href":"http:\/\/zonade3.com.ar\/blog\/wp-json\/wp\/v2\/users\/2"}],"replies":[{"embeddable":true,"href":"http:\/\/zonade3.com.ar\/blog\/wp-json\/wp\/v2\/comments?post=4946"}],"version-history":[{"count":1,"href":"http:\/\/zonade3.com.ar\/blog\/wp-json\/wp\/v2\/posts\/4946\/revisions"}],"predecessor-version":[{"id":4948,"href":"http:\/\/zonade3.com.ar\/blog\/wp-json\/wp\/v2\/posts\/4946\/revisions\/4948"}],"wp:featuredmedia":[{"embeddable":true,"href":"http:\/\/zonade3.com.ar\/blog\/wp-json\/wp\/v2\/media\/4947"}],"wp:attachment":[{"href":"http:\/\/zonade3.com.ar\/blog\/wp-json\/wp\/v2\/media?parent=4946"}],"wp:term":[{"taxonomy":"category","embeddable":true,"href":"http:\/\/zonade3.com.ar\/blog\/wp-json\/wp\/v2\/categories?post=4946"},{"taxonomy":"post_tag","embeddable":true,"href":"http:\/\/zonade3.com.ar\/blog\/wp-json\/wp\/v2\/tags?post=4946"}],"curies":[{"name":"wp","href":"https:\/\/api.w.org\/{rel}","templated":true}]}}