{"id":4993,"date":"2018-08-08T18:15:23","date_gmt":"2018-08-08T18:15:23","guid":{"rendered":"http:\/\/zonade3.com.ar.ar\/blog\/?p=4993"},"modified":"2018-08-09T03:06:27","modified_gmt":"2018-08-09T03:06:27","slug":"noroeste-se-debatio-la-marcha-institucional-y-deportiva-de-la-entidad","status":"publish","type":"post","link":"http:\/\/zonade3.com.ar\/blog\/noroeste-se-debatio-la-marcha-institucional-y-deportiva-de-la-entidad\/","title":{"rendered":"Noroeste: se debati\u00f3 la marcha institucional y deportiva de la entidad"},"content":{"rendered":"<p>Con la presencia de todos los clubes, anoche en la sede de la Noroeste se realiz\u00f3 una reuni\u00f3n con los delegados del masculino y femenino.<br \/>\nEn la misma se trataron varios temas relacionados con la marcha institucional de la misma y ademas tambien se brindaron detalles de varios temas.<br \/>\nSe inform\u00f3 de la ultima Asamblea en la FBPSF, dando a conocer como qued\u00f3 integrada la nueva Comisi\u00f3n Directiva, en la cual los Se\u00f1ores Mario Lopez y Juan Manuel Costamagna integran dicho Concejo.<br \/>\nTambi\u00e9n se hizo un informe econ\u00f3mico de los gastos que ocasionaron los \u00faltimos provinciales &#8211; Primera y U19 &#8211; y de lo que falta todav\u00eda jugar que son en masculino U17 en Santa Fe y U13 en Totoras, mientras que en Femenino ser\u00e1n en Rafaela el de Mayores y el U13 en Ca\u00f1ada de Gomez.<br \/>\nPosteriormente se analizaron las fechas de juegos de los torneos masculinos en inferiores y primera donde los clubes se pusieron de acuerdo para ir disputando partidos atrasados para ir poniendo al dia el torneo. Se hace dif\u00edcil poder programar partidos, ya que los clubes que est\u00e1n jugando los provinciales tienen pr\u00e1cticamente todas las semanas juegos y eso complica a pesar de poner buena voluntad para poder programar sus partidos.<br \/>\nEn Primera, tambi\u00e9n el segundo torneo marcha con muy pocos partidos postergados y solo est\u00e1n faltando algunos juegos de Central de la primera fase, aunque ya se est\u00e1n fijando fechas de juego de esos partidos y se van a ir poniendo al d\u00eda.<br \/>\nEn Femenino (se reuni\u00f3 en sala aparte) se complica la programaci\u00f3n del torneo oficial, debido a los provinciales de U13, 15 y 17.<br \/>\nSe inform\u00f3 del Encuentro Nacional de mini femenino que est\u00e1n organizando junto a la Asociaci\u00f3n, los clubes de Ceres, que se realizar\u00e1 el s\u00e1bado 18 del corriente mes y a\u00f1o, tanto en Central como en Atl\u00e9tico Ceres.<br \/>\nLa programaci\u00f3n para esta semana, tienen estos partidos:<br \/>\nTORNEO OFICIAL MASCULINO INF<br \/>\n11-ago 10.00 ATL. CERES UNION SG U17<br \/>\n11-ago 12.00 ATL. CERES UNION SG U13<br \/>\n11-ago 14.00 ATL. CERES UNION SG U15<br \/>\n11-ago 16.00 ATL. CERES UNION SG U19<\/p>\n<p>11-ago 10.00 CENTRAL ATL. TOSTADO U17<br \/>\n11-ago 12.00 CENTRAL ATL. TOSTADO U13<br \/>\n11-ago 14.00 CENTRAL ATL. TOSTADO U15<br \/>\n11-ago 16.00 CENTRAL ATL. TOSTADO U19<\/p>\n<p>12-ago 13.00 LIBERTAD VT SAN LORENZO U13<br \/>\n12-ago 14.30 LIBERTAD VT SAN LORENZO U15<\/p>\n<p>12-ago 16.00 LIBERTAD VT RACING LTC U13<br \/>\n12-ago 17.30 LIBERTAD VT RACING LTC U15<\/p>\n<p>11-ago 10.00 SP. V. MINETTI SAN LORENZO U17<br \/>\n11-ago 12.00 SP. V. MINETTI SAN LORENZO U13<br \/>\n11-ago 14.00 SP. V. MINETTI SAN LORENZO U15<br \/>\n11-ago 16.00 SP. V. MINETTI SAN LORENZO U19<\/p>\n<p>12-ago 18.30 UNION SG SP. SUARDI U15B<br \/>\n<strong>MAYORES MASCULINO<\/strong><br \/>\n08-ago 21.00 RACING LTC ATL. TOSTADO PRIM 6 Fecha<\/p>\n<p>09-ago 21.30 ATL. CERES LIBERTAD VT PRIM 4\u00ba Fecha<\/p>\n<p>12-ago 20.30 UNION SG SP. SUARDI PRIM 7\u00ba Fecha<\/p>\n<p>12-ago 20.30 ATL. CERES SAN LORENZO PRIM 7\u00ba Fecha<\/p>\n<p>12-ago 20.30 LIBERTAD VT RACING LTC PRIM 7\u00ba Fecha<\/p>\n<p>10-ago 21.30 ATL. TOSTADO CENTRAL PRIM 7\u00ba Fecha<\/p>\n<p>23-ago 21.00 CENTRAL SP. SUARDI PRIM 1er Torneo<br \/>\n<strong>TORNEO OFICIAL FEMENINO<\/strong><br \/>\n12-ago 12.30 ATL. CERES CENTRAL U15<br \/>\n12-ago 14.00 ATL. CERES CENTRAL U17<\/p>\n","protected":false},"excerpt":{"rendered":"<p>Con la presencia de todos los clubes, anoche en la sede de la Noroeste se realiz\u00f3 una reuni\u00f3n<\/p>\n","protected":false},"author":2,"featured_media":4994,"comment_status":"open","ping_status":"open","sticky":false,"template":"","format":"standard","meta":{"footnotes":""},"categories":[1],"tags":[],"class_list":["post-4993","post","type-post","status-publish","format-standard","has-post-thumbnail","hentry","category-sin-categoria"],"_links":{"self":[{"href":"http:\/\/zonade3.com.ar\/blog\/wp-json\/wp\/v2\/posts\/4993","targetHints":{"allow":["GET"]}}],"collection":[{"href":"http:\/\/zonade3.com.ar\/blog\/wp-json\/wp\/v2\/posts"}],"about":[{"href":"http:\/\/zonade3.com.ar\/blog\/wp-json\/wp\/v2\/types\/post"}],"author":[{"embeddable":true,"href":"http:\/\/zonade3.com.ar\/blog\/wp-json\/wp\/v2\/users\/2"}],"replies":[{"embeddable":true,"href":"http:\/\/zonade3.com.ar\/blog\/wp-json\/wp\/v2\/comments?post=4993"}],"version-history":[{"count":2,"href":"http:\/\/zonade3.com.ar\/blog\/wp-json\/wp\/v2\/posts\/4993\/revisions"}],"predecessor-version":[{"id":4996,"href":"http:\/\/zonade3.com.ar\/blog\/wp-json\/wp\/v2\/posts\/4993\/revisions\/4996"}],"wp:featuredmedia":[{"embeddable":true,"href":"http:\/\/zonade3.com.ar\/blog\/wp-json\/wp\/v2\/media\/4994"}],"wp:attachment":[{"href":"http:\/\/zonade3.com.ar\/blog\/wp-json\/wp\/v2\/media?parent=4993"}],"wp:term":[{"taxonomy":"category","embeddable":true,"href":"http:\/\/zonade3.com.ar\/blog\/wp-json\/wp\/v2\/categories?post=4993"},{"taxonomy":"post_tag","embeddable":true,"href":"http:\/\/zonade3.com.ar\/blog\/wp-json\/wp\/v2\/tags?post=4993"}],"curies":[{"name":"wp","href":"https:\/\/api.w.org\/{rel}","templated":true}]}}