{"id":4998,"date":"2018-08-09T03:13:52","date_gmt":"2018-08-09T03:13:52","guid":{"rendered":"http:\/\/zonade3.com.ar.ar\/blog\/?p=4998"},"modified":"2018-08-09T03:13:52","modified_gmt":"2018-08-09T03:13:52","slug":"central-de-ceres-jugara-la-liga-argentina","status":"publish","type":"post","link":"http:\/\/zonade3.com.ar\/blog\/central-de-ceres-jugara-la-liga-argentina\/","title":{"rendered":"Central de Ceres jugar\u00e1 la Liga Argentina"},"content":{"rendered":"<p>Luego de su reciente ascenso y tras intensas gestiones realizadas por sus dirigentes, la entidad \u201caurinegra\u201d confirm\u00f3 su participaci\u00f3n en la segunda categor\u00eda del baloncesto nacional que se estima,\u00a0comenzar\u00eda en el mes de octubre.<br \/>\n\u00abFueron horas dif\u00edciles y momentos de alta incertidumbre, pero logramos fortalecernos y estamos con las convicciones suficientes, para seguir por este camino\u00bb, le dec\u00eda a los colegas de La Red del Deporte Radio, un integrante del grupo de apoyo de Central Argentino Ol\u00edmpico.<br \/>\nHace un mes aproximadamente y desde la organizaci\u00f3n del nuevo torneo, les hab\u00edan dado la bienvenida y d\u00edas m\u00e1s tarde, un veedor recorri\u00f3 las instalaciones del Estadio \u201cRa\u00fal Braica\u201d, quien dialog\u00f3 con directivos \u201caurinegros\u201d, acerca de algunas modificaciones a realizar en la infraestructura.<br \/>\nRespecto a la plantilla que dirigir\u00e1 Enrique Lancellotti, a\u00fan no definieron quienes la van a integrar, pero avanzan conversaciones con los jugadores que lograron el ascenso, quienes tienen prioridad y luego, manejar\u00e1n otras posibilidades si es necesario.<br \/>\nFuente: Adrian Tavella<\/p>\n","protected":false},"excerpt":{"rendered":"<p>Luego de su reciente ascenso y tras intensas gestiones realizadas por sus dirigentes, la entidad \u201caurinegra\u201d confirm\u00f3 su<\/p>\n","protected":false},"author":2,"featured_media":3049,"comment_status":"open","ping_status":"open","sticky":false,"template":"","format":"standard","meta":{"footnotes":""},"categories":[1],"tags":[],"class_list":["post-4998","post","type-post","status-publish","format-standard","has-post-thumbnail","hentry","category-sin-categoria"],"_links":{"self":[{"href":"http:\/\/zonade3.com.ar\/blog\/wp-json\/wp\/v2\/posts\/4998","targetHints":{"allow":["GET"]}}],"collection":[{"href":"http:\/\/zonade3.com.ar\/blog\/wp-json\/wp\/v2\/posts"}],"about":[{"href":"http:\/\/zonade3.com.ar\/blog\/wp-json\/wp\/v2\/types\/post"}],"author":[{"embeddable":true,"href":"http:\/\/zonade3.com.ar\/blog\/wp-json\/wp\/v2\/users\/2"}],"replies":[{"embeddable":true,"href":"http:\/\/zonade3.com.ar\/blog\/wp-json\/wp\/v2\/comments?post=4998"}],"version-history":[{"count":1,"href":"http:\/\/zonade3.com.ar\/blog\/wp-json\/wp\/v2\/posts\/4998\/revisions"}],"predecessor-version":[{"id":4999,"href":"http:\/\/zonade3.com.ar\/blog\/wp-json\/wp\/v2\/posts\/4998\/revisions\/4999"}],"wp:featuredmedia":[{"embeddable":true,"href":"http:\/\/zonade3.com.ar\/blog\/wp-json\/wp\/v2\/media\/3049"}],"wp:attachment":[{"href":"http:\/\/zonade3.com.ar\/blog\/wp-json\/wp\/v2\/media?parent=4998"}],"wp:term":[{"taxonomy":"category","embeddable":true,"href":"http:\/\/zonade3.com.ar\/blog\/wp-json\/wp\/v2\/categories?post=4998"},{"taxonomy":"post_tag","embeddable":true,"href":"http:\/\/zonade3.com.ar\/blog\/wp-json\/wp\/v2\/tags?post=4998"}],"curies":[{"name":"wp","href":"https:\/\/api.w.org\/{rel}","templated":true}]}}