{"id":5003,"date":"2018-08-09T03:47:03","date_gmt":"2018-08-09T03:47:03","guid":{"rendered":"http:\/\/zonade3.com.ar.ar\/blog\/?p=5003"},"modified":"2018-08-09T03:47:03","modified_gmt":"2018-08-09T03:47:03","slug":"interasociativo-postergaron-la-2da-fecha-del-certamen","status":"publish","type":"post","link":"http:\/\/zonade3.com.ar\/blog\/interasociativo-postergaron-la-2da-fecha-del-certamen\/","title":{"rendered":"Interasociativo: postergaron la 2da. Fecha del certamen"},"content":{"rendered":"<p>En las ultimas horas postergaron la 2\u00b0 fecha del Interasociativo. La fecha del b\u00e1squet no se jugar\u00e1 ya que el pr\u00f3ximo fin de semana se disputar\u00e1 el Campeonato Provincial de Selecciones categor\u00eda U-15 que cuenta con la organizaci\u00f3n de la Asociaci\u00f3n de B\u00e1squetbol de San Francisco en uno de los cuadrangulares clasificatorios. La fecha se posterga \u00edntegramente para el fin de semana del 17 y 18 de agosto.<\/p>\n","protected":false},"excerpt":{"rendered":"<p>En las ultimas horas postergaron la 2\u00b0 fecha del Interasociativo. La fecha del b\u00e1squet no se jugar\u00e1 ya<\/p>\n","protected":false},"author":2,"featured_media":4091,"comment_status":"open","ping_status":"open","sticky":false,"template":"","format":"standard","meta":{"footnotes":""},"categories":[1],"tags":[],"class_list":["post-5003","post","type-post","status-publish","format-standard","has-post-thumbnail","hentry","category-sin-categoria"],"_links":{"self":[{"href":"http:\/\/zonade3.com.ar\/blog\/wp-json\/wp\/v2\/posts\/5003","targetHints":{"allow":["GET"]}}],"collection":[{"href":"http:\/\/zonade3.com.ar\/blog\/wp-json\/wp\/v2\/posts"}],"about":[{"href":"http:\/\/zonade3.com.ar\/blog\/wp-json\/wp\/v2\/types\/post"}],"author":[{"embeddable":true,"href":"http:\/\/zonade3.com.ar\/blog\/wp-json\/wp\/v2\/users\/2"}],"replies":[{"embeddable":true,"href":"http:\/\/zonade3.com.ar\/blog\/wp-json\/wp\/v2\/comments?post=5003"}],"version-history":[{"count":1,"href":"http:\/\/zonade3.com.ar\/blog\/wp-json\/wp\/v2\/posts\/5003\/revisions"}],"predecessor-version":[{"id":5004,"href":"http:\/\/zonade3.com.ar\/blog\/wp-json\/wp\/v2\/posts\/5003\/revisions\/5004"}],"wp:featuredmedia":[{"embeddable":true,"href":"http:\/\/zonade3.com.ar\/blog\/wp-json\/wp\/v2\/media\/4091"}],"wp:attachment":[{"href":"http:\/\/zonade3.com.ar\/blog\/wp-json\/wp\/v2\/media?parent=5003"}],"wp:term":[{"taxonomy":"category","embeddable":true,"href":"http:\/\/zonade3.com.ar\/blog\/wp-json\/wp\/v2\/categories?post=5003"},{"taxonomy":"post_tag","embeddable":true,"href":"http:\/\/zonade3.com.ar\/blog\/wp-json\/wp\/v2\/tags?post=5003"}],"curies":[{"name":"wp","href":"https:\/\/api.w.org\/{rel}","templated":true}]}}