{"id":5031,"date":"2018-08-11T14:50:50","date_gmt":"2018-08-11T14:50:50","guid":{"rendered":"http:\/\/zonade3.com.ar.ar\/blog\/?p=5031"},"modified":"2018-08-11T14:50:50","modified_gmt":"2018-08-11T14:50:50","slug":"torneo-federal-la-competencia-arranca-el-19-de-octubre","status":"publish","type":"post","link":"http:\/\/zonade3.com.ar\/blog\/torneo-federal-la-competencia-arranca-el-19-de-octubre\/","title":{"rendered":"Torneo Federal: la competencia arranca el 19 de octubre"},"content":{"rendered":"<p>La s\u00e9ptima edici\u00f3n de la competencia comenzar\u00e1 el 19 de octubre. Se repite la conformaci\u00f3n de los planteles.<br \/>\nLuego de la resonante temporada reciente, que brill\u00f3 con el campe\u00f3n r\u00e9cord de Racing de Chivilcoy, se avecina una nueva edici\u00f3n del Torneo Federal. La competencia ya dispone de cita inici\u00e1tica, dado que la Confederaci\u00f3n Argentina de B\u00e1squetbol comunic\u00f3 que el arranque se producir\u00e1 el viernes 19 de octubre.<br \/>\nRespecto al juego inaugural existe la posibilidad que se lleve a cabo unos d\u00edas antes a la primera jornada, lo que se definir\u00e1 en el transcurso de las semanas.<br \/>\nOtra de las confirmaciones interesantes refiere a la composici\u00f3n de los planteles y en esta 2018\/19 se reproducir\u00e1 la disposici\u00f3n:<br \/>\n*Siete fichas mayores (nacidos despu\u00e9s del 95).<br \/>\n*Una U22 (96, 97 o 98).<br \/>\n* El resto menores (de 99 en adelante).<br \/>\nLos clubes participantes deber\u00e1n cumplimentar las diferentes instancias de inscripci\u00f3n, por lo cual tendr\u00e1n que presentar los formularios antes del 23 de agosto. En tanto que las listas de buena fe y documentaci\u00f3n complementaria se recibir\u00e1n hasta el 21 de septiembre.<br \/>\nUna gran cantidad de instituciones comenzaron la edificaci\u00f3n de sus plantillas, con la contrataci\u00f3n de varias figuras, que demuestra una vez m\u00e1s la evoluci\u00f3n del torneo, que vivir\u00e1 una temporada 2018\/19 de mucho nivel.<br \/>\nFuente: Prensa Torneo Federal<\/p>\n","protected":false},"excerpt":{"rendered":"<p>La s\u00e9ptima edici\u00f3n de la competencia comenzar\u00e1 el 19 de octubre. Se repite la conformaci\u00f3n de los planteles.<\/p>\n","protected":false},"author":2,"featured_media":306,"comment_status":"open","ping_status":"open","sticky":false,"template":"","format":"standard","meta":{"footnotes":""},"categories":[1],"tags":[],"class_list":["post-5031","post","type-post","status-publish","format-standard","has-post-thumbnail","hentry","category-sin-categoria"],"_links":{"self":[{"href":"http:\/\/zonade3.com.ar\/blog\/wp-json\/wp\/v2\/posts\/5031","targetHints":{"allow":["GET"]}}],"collection":[{"href":"http:\/\/zonade3.com.ar\/blog\/wp-json\/wp\/v2\/posts"}],"about":[{"href":"http:\/\/zonade3.com.ar\/blog\/wp-json\/wp\/v2\/types\/post"}],"author":[{"embeddable":true,"href":"http:\/\/zonade3.com.ar\/blog\/wp-json\/wp\/v2\/users\/2"}],"replies":[{"embeddable":true,"href":"http:\/\/zonade3.com.ar\/blog\/wp-json\/wp\/v2\/comments?post=5031"}],"version-history":[{"count":1,"href":"http:\/\/zonade3.com.ar\/blog\/wp-json\/wp\/v2\/posts\/5031\/revisions"}],"predecessor-version":[{"id":5032,"href":"http:\/\/zonade3.com.ar\/blog\/wp-json\/wp\/v2\/posts\/5031\/revisions\/5032"}],"wp:featuredmedia":[{"embeddable":true,"href":"http:\/\/zonade3.com.ar\/blog\/wp-json\/wp\/v2\/media\/306"}],"wp:attachment":[{"href":"http:\/\/zonade3.com.ar\/blog\/wp-json\/wp\/v2\/media?parent=5031"}],"wp:term":[{"taxonomy":"category","embeddable":true,"href":"http:\/\/zonade3.com.ar\/blog\/wp-json\/wp\/v2\/categories?post=5031"},{"taxonomy":"post_tag","embeddable":true,"href":"http:\/\/zonade3.com.ar\/blog\/wp-json\/wp\/v2\/tags?post=5031"}],"curies":[{"name":"wp","href":"https:\/\/api.w.org\/{rel}","templated":true}]}}