{"id":5038,"date":"2018-08-13T04:15:30","date_gmt":"2018-08-13T04:15:30","guid":{"rendered":"http:\/\/zonade3.com.ar.ar\/blog\/?p=5038"},"modified":"2018-08-13T04:15:30","modified_gmt":"2018-08-13T04:15:30","slug":"provincial-de-selecciones-u15-san-francisco-y-villa-maria-al-cuadrangular-final","status":"publish","type":"post","link":"http:\/\/zonade3.com.ar\/blog\/provincial-de-selecciones-u15-san-francisco-y-villa-maria-al-cuadrangular-final\/","title":{"rendered":"Provincial de Selecciones U15: San Francisco y Villa Mar\u00eda, al Cuadrangular Final"},"content":{"rendered":"<p>Las selecciones de San Francisco y Villa Mar\u00eda se clasificaron para el Final Four del Campeonato Provincial de la categor\u00eda U15 masculina, al ganar sus respectivos grupos clasificatorios en las ciudades de Arroyito y R\u00edo Cuarto, respectivamente.<br \/>\nSan Francisco y Villa Mar\u00eda jugar\u00e1 el Final Four junto con las selecciones de C\u00f3rdoba y Sudeste, que ocuparon las dos primeras posiciones en la edici\u00f3n 2017 y, por ello, ten\u00edan su plaza asegurada. El cuadrangular final se desarrollar\u00e1 del 24 al 26 de agosto, en sede a definir.<br \/>\nEn Arroyito, el seleccionado de San Francisco consigui\u00f3 su clasificaci\u00f3n con un claro 97-56 sobre R\u00edo Tercero. Valentino Beltramo fue el m\u00e1ximo anotador del ganador, con 19 puntos, a los que agreg\u00f3 6 rebotes y 6 asistencias. Fabricio Bau lo escolt\u00f3 con 18 unidades y Franco Riffle sum\u00f3 13 tantos. Bruno Boglioti aport\u00f3 10 puntos y Alex Martinetto, 10 unidades y 10 rebotes.<br \/>\nEn R\u00edo Cuarto, Villa Mar\u00eda consigui\u00f3 su boleto con un apretad\u00edsimo 56-53 sobre el equipo local en un partido cambiante, en el cual los del Imperio del Sur llegaron a tener una ventaja de siete puntos en el \u00faltimo cuarto.<br \/>\nEl\u00edas Moral fue el goleador de Villa Mar\u00eda, con 20 puntos (alto 7\/10 en dobles), seguido por Marco Ceppo, con 10 tantos y 8 rebotes.<br \/>\nAgust\u00edn Passone se luci\u00f3 en el due\u00f1o de casa, con 20 unidades y 12 recobres, escoltado por Francisco Imaz, con 12 tantos.<br \/>\nTERCEROS PUESTOS<br \/>\nEn Arroyito, el tercer puesto qued\u00f3 para Punilla, que super\u00f3 a Cruz del Eje 62-57 en suplementario, luego de igualar en 54 en los 40 minutos del tiempo regular.<br \/>\nEn R\u00edo Cuarto, en tanto, la tercera colocaci\u00f3n fue para Oliva, que se impuso sobre Morteros 80-65, resultado que le permiti\u00f3 sumar su primer triunfo en el cuadrangular.<br \/>\nFuente: Prensa FBPC<\/p>\n","protected":false},"excerpt":{"rendered":"<p>Las selecciones de San Francisco y Villa Mar\u00eda se clasificaron para el Final Four del Campeonato Provincial de<\/p>\n","protected":false},"author":2,"featured_media":45,"comment_status":"open","ping_status":"open","sticky":false,"template":"","format":"standard","meta":{"footnotes":""},"categories":[1],"tags":[],"class_list":["post-5038","post","type-post","status-publish","format-standard","has-post-thumbnail","hentry","category-sin-categoria"],"_links":{"self":[{"href":"http:\/\/zonade3.com.ar\/blog\/wp-json\/wp\/v2\/posts\/5038","targetHints":{"allow":["GET"]}}],"collection":[{"href":"http:\/\/zonade3.com.ar\/blog\/wp-json\/wp\/v2\/posts"}],"about":[{"href":"http:\/\/zonade3.com.ar\/blog\/wp-json\/wp\/v2\/types\/post"}],"author":[{"embeddable":true,"href":"http:\/\/zonade3.com.ar\/blog\/wp-json\/wp\/v2\/users\/2"}],"replies":[{"embeddable":true,"href":"http:\/\/zonade3.com.ar\/blog\/wp-json\/wp\/v2\/comments?post=5038"}],"version-history":[{"count":1,"href":"http:\/\/zonade3.com.ar\/blog\/wp-json\/wp\/v2\/posts\/5038\/revisions"}],"predecessor-version":[{"id":5039,"href":"http:\/\/zonade3.com.ar\/blog\/wp-json\/wp\/v2\/posts\/5038\/revisions\/5039"}],"wp:featuredmedia":[{"embeddable":true,"href":"http:\/\/zonade3.com.ar\/blog\/wp-json\/wp\/v2\/media\/45"}],"wp:attachment":[{"href":"http:\/\/zonade3.com.ar\/blog\/wp-json\/wp\/v2\/media?parent=5038"}],"wp:term":[{"taxonomy":"category","embeddable":true,"href":"http:\/\/zonade3.com.ar\/blog\/wp-json\/wp\/v2\/categories?post=5038"},{"taxonomy":"post_tag","embeddable":true,"href":"http:\/\/zonade3.com.ar\/blog\/wp-json\/wp\/v2\/tags?post=5038"}],"curies":[{"name":"wp","href":"https:\/\/api.w.org\/{rel}","templated":true}]}}