{"id":5050,"date":"2018-08-14T03:30:50","date_gmt":"2018-08-14T03:30:50","guid":{"rendered":"http:\/\/zonade3.com.ar.ar\/blog\/?p=5050"},"modified":"2018-08-14T03:30:50","modified_gmt":"2018-08-14T03:30:50","slug":"cordoba-organiza-el-super-9-solidario","status":"publish","type":"post","link":"http:\/\/zonade3.com.ar\/blog\/cordoba-organiza-el-super-9-solidario\/","title":{"rendered":"C\u00f3rdoba organiza el S\u00faper 9 Solidario"},"content":{"rendered":"<p>Este a\u00f1o el certamen se llamar\u00e1 S\u00faper 9 por la participaci\u00f3n de ese n\u00famero de clubes en las diferentes categor\u00edas a nivel pa\u00eds. Es organizado por la Agencia C\u00f3rdoba Deportes.<br \/>\nEl certamen lo disputar\u00e1n Instituto (campe\u00f3n defensor) y Atenas, de la Liga Nacional; Barrio Parque, San Isidro de San Francisco, Tiro Federal de Morteros y Ameghino de Villa Mar\u00eda, en la Liga Argentina (ex TNA); m\u00e1s Independiente de Oliva, 9 de Julio de R\u00edo Tercero y Bell de Bell Ville en el Torneo Federal.<br \/>\nLos d\u00edas 3, 5 y 7 de septiembre se disputar\u00e1 la fase de grupos. El 8 de septiembre se jugar\u00e1n las semifinales y el domingo 9 de septiembre ser\u00e1 la final (y el partido por el 3\u00b0 puesto).<br \/>\nAdem\u00e1s est\u00e1 previsto que se desarrolle en una sola sede, en C\u00f3rdoba (el a\u00f1o pasado tambi\u00e9n se jug\u00f3 en Carlos Paz).<br \/>\n<strong>C\u00f3mo se juega<\/strong><br \/>\nAl igual que en todas las ediciones anteriores, el torneo ser\u00e1 solidario. Lo recaudado ser\u00e1 donado a instituciones designadas. Las localidades tendr\u00e1n un valor \u00fanico de $100 por jornada.<br \/>\nLos partidos de la fase clasificatoria se desarrollar\u00e1n en las canchas de Barrio Parque y de Instituto, mientras que las semifinales y final se llevar\u00e1n a cabo en el gimnasio \u00c1ngel Sandr\u00edn, de la instituci\u00f3n de barrio Alta C\u00f3rdoba.<br \/>\nSe jugar\u00e1n tres triangulares en el que juegan todos contra todos para definir posiciones. Posteriormente jugar\u00e1n semifinales los primeros de cada zona y el mejor segundo, de donde surgir\u00e1n los dos finalistas.<br \/>\nFuente: Mundo D<\/p>\n","protected":false},"excerpt":{"rendered":"<p>Este a\u00f1o el certamen se llamar\u00e1 S\u00faper 9 por la participaci\u00f3n de ese n\u00famero de clubes en las<\/p>\n","protected":false},"author":2,"featured_media":5051,"comment_status":"open","ping_status":"open","sticky":false,"template":"","format":"standard","meta":{"footnotes":""},"categories":[1],"tags":[],"class_list":["post-5050","post","type-post","status-publish","format-standard","has-post-thumbnail","hentry","category-sin-categoria"],"_links":{"self":[{"href":"http:\/\/zonade3.com.ar\/blog\/wp-json\/wp\/v2\/posts\/5050","targetHints":{"allow":["GET"]}}],"collection":[{"href":"http:\/\/zonade3.com.ar\/blog\/wp-json\/wp\/v2\/posts"}],"about":[{"href":"http:\/\/zonade3.com.ar\/blog\/wp-json\/wp\/v2\/types\/post"}],"author":[{"embeddable":true,"href":"http:\/\/zonade3.com.ar\/blog\/wp-json\/wp\/v2\/users\/2"}],"replies":[{"embeddable":true,"href":"http:\/\/zonade3.com.ar\/blog\/wp-json\/wp\/v2\/comments?post=5050"}],"version-history":[{"count":1,"href":"http:\/\/zonade3.com.ar\/blog\/wp-json\/wp\/v2\/posts\/5050\/revisions"}],"predecessor-version":[{"id":5052,"href":"http:\/\/zonade3.com.ar\/blog\/wp-json\/wp\/v2\/posts\/5050\/revisions\/5052"}],"wp:featuredmedia":[{"embeddable":true,"href":"http:\/\/zonade3.com.ar\/blog\/wp-json\/wp\/v2\/media\/5051"}],"wp:attachment":[{"href":"http:\/\/zonade3.com.ar\/blog\/wp-json\/wp\/v2\/media?parent=5050"}],"wp:term":[{"taxonomy":"category","embeddable":true,"href":"http:\/\/zonade3.com.ar\/blog\/wp-json\/wp\/v2\/categories?post=5050"},{"taxonomy":"post_tag","embeddable":true,"href":"http:\/\/zonade3.com.ar\/blog\/wp-json\/wp\/v2\/tags?post=5050"}],"curies":[{"name":"wp","href":"https:\/\/api.w.org\/{rel}","templated":true}]}}