{"id":5080,"date":"2018-08-17T02:47:37","date_gmt":"2018-08-17T02:47:37","guid":{"rendered":"http:\/\/zonade3.com.ar.ar\/blog\/?p=5080"},"modified":"2018-08-17T02:47:37","modified_gmt":"2018-08-17T02:47:37","slug":"noroeste-el-clasico-de-ceres-fue-aurinegro-nuevamente","status":"publish","type":"post","link":"http:\/\/zonade3.com.ar\/blog\/noroeste-el-clasico-de-ceres-fue-aurinegro-nuevamente\/","title":{"rendered":"Noroeste: el cl\u00e1sico de Ceres fue \u00abaurinegro\u00bb nuevamente"},"content":{"rendered":"<p>Una vez m\u00e1s y en el complemento del cuarto cap\u00edtulo de la Primera Fase, Central derrot\u00f3 a Atl\u00e9tico Ceres 110-83. Jugaron una etapa inicial equilibrada y con altos aciertos ofensivos.<br \/>\nEl \u00abrojo\u00bb mostr\u00f3 un buen per\u00edmetro y exigi\u00f3 a su rival, a partir de la actitud y la defensa que, no permiti\u00f3 lanzamientos c\u00f3modos.<br \/>\nControl\u00f3 y mientras pudo, los caminos hacia Mart\u00ednez, pero no logr\u00f3 sostenerlo, cada vez que Pablo recibi\u00f3 la bola en la zona interior.<br \/>\nEn el segundo tiempo comenzaron a notarse las distancias l\u00f3gicas, desde las capacidades individuales y las jerarqu\u00edas de las plantillas.<br \/>\nEl \u00abaurinegro\u00bb fue m\u00e1s intenso en las marcas y aceler\u00f3 en los movimientos ofensivos.<br \/>\nA partir de ese tercer segmento, el score se fue estirando naturalmente, Quintana result\u00f3 determinante con su goleo, y ya nada interrumpir\u00eda un nuevo triunfo en el cl\u00e1sico ceresino.<br \/>\nEn el \u00faltimo parcial hubo tiempo para los juveniles y Central fue afirmando otra victoria, para seguir sumando en la tabla general.<br \/>\n<strong>S\u00edntesis<\/strong><br \/>\n<strong>CENTRAL 110 &#8211; ATL\u00c9TICO CERES 83<\/strong><br \/>\nEstadio \u00abRa\u00fal Braica\u00bb<br \/>\nCENTRAL: Salicr\u00fa (15); Liz\u00e1rraga (15); Karabiti\u00e1n (12); Quintana (28); Pablo Mart\u00ednez (20); Sol\u00eds (8); Fito (7); Ruffino (2), Fern\u00e1ndez (3); Marchiaro; Lancellotti; Milanesio. DT: Juan Pablo Trogolo.<br \/>\nATL\u00c9TICO CERES: Tomas Mart\u00ednez (6); Fornero (12); Faure (9); Diego P\u00e9rez (20); Sosa (18); Morbidoni (4); Camandona (12), Caffaro (2); Trionfetti; Varaldo; Siri; Qui\u00f1a. DT: Diego Gim\u00e9nez.<br \/>\n\u00c1rbitros: Raspo-Guasarotti (Asociaci\u00f3n Morterense)<br \/>\nFuente\/Foto: Adrian Tavella<\/p>\n","protected":false},"excerpt":{"rendered":"<p>Una vez m\u00e1s y en el complemento del cuarto cap\u00edtulo de la Primera Fase, Central derrot\u00f3 a Atl\u00e9tico<\/p>\n","protected":false},"author":2,"featured_media":5081,"comment_status":"open","ping_status":"open","sticky":false,"template":"","format":"standard","meta":{"footnotes":""},"categories":[1],"tags":[],"class_list":["post-5080","post","type-post","status-publish","format-standard","has-post-thumbnail","hentry","category-sin-categoria"],"_links":{"self":[{"href":"http:\/\/zonade3.com.ar\/blog\/wp-json\/wp\/v2\/posts\/5080","targetHints":{"allow":["GET"]}}],"collection":[{"href":"http:\/\/zonade3.com.ar\/blog\/wp-json\/wp\/v2\/posts"}],"about":[{"href":"http:\/\/zonade3.com.ar\/blog\/wp-json\/wp\/v2\/types\/post"}],"author":[{"embeddable":true,"href":"http:\/\/zonade3.com.ar\/blog\/wp-json\/wp\/v2\/users\/2"}],"replies":[{"embeddable":true,"href":"http:\/\/zonade3.com.ar\/blog\/wp-json\/wp\/v2\/comments?post=5080"}],"version-history":[{"count":1,"href":"http:\/\/zonade3.com.ar\/blog\/wp-json\/wp\/v2\/posts\/5080\/revisions"}],"predecessor-version":[{"id":5082,"href":"http:\/\/zonade3.com.ar\/blog\/wp-json\/wp\/v2\/posts\/5080\/revisions\/5082"}],"wp:featuredmedia":[{"embeddable":true,"href":"http:\/\/zonade3.com.ar\/blog\/wp-json\/wp\/v2\/media\/5081"}],"wp:attachment":[{"href":"http:\/\/zonade3.com.ar\/blog\/wp-json\/wp\/v2\/media?parent=5080"}],"wp:term":[{"taxonomy":"category","embeddable":true,"href":"http:\/\/zonade3.com.ar\/blog\/wp-json\/wp\/v2\/categories?post=5080"},{"taxonomy":"post_tag","embeddable":true,"href":"http:\/\/zonade3.com.ar\/blog\/wp-json\/wp\/v2\/tags?post=5080"}],"curies":[{"name":"wp","href":"https:\/\/api.w.org\/{rel}","templated":true}]}}