{"id":5083,"date":"2018-08-17T03:48:11","date_gmt":"2018-08-17T03:48:11","guid":{"rendered":"http:\/\/zonade3.com.ar.ar\/blog\/?p=5083"},"modified":"2018-08-17T03:48:11","modified_gmt":"2018-08-17T03:48:11","slug":"interasociativo-siguio-la-fecha-con-triunfos-de-centro-9-de-julio-y-el-tala","status":"publish","type":"post","link":"http:\/\/zonade3.com.ar\/blog\/interasociativo-siguio-la-fecha-con-triunfos-de-centro-9-de-julio-y-el-tala\/","title":{"rendered":"Interasociativo: sigui\u00f3 la fecha con triunfos de Centro, 9 de Julio y El Tala"},"content":{"rendered":"<p>Este jueves continu\u00f3 la 2da fecha del Clausura del Interasociativo. En la apertura, Devoto super\u00f3 a Tiro Federal. La fecha continu\u00f3 con Centro Social venciendo a Almafuerte de Las Varillas 84-74. En tanto, en Morteros 9 de Julio hizo lo propio con San Jorge de Brinkmann, 88-80. Y por ultimo, El Tala le gan\u00f3 a San Isidro 90 a 64.<br \/>\n<strong>Posiciones:<\/strong> Devoto 4 &#8211; Nueve de Morteros 4 \u2013 Centro Social 3 &#8211; Tiro Federal 3\u2013 San Jorge 3 &#8211; Nueve de Freyre 2 &#8211; Almafuerte 2- El Tala 2 &#8211; San Isidro 2- Porte\u00f1a 1 &#8211; Cultural Arroyito 1\u2013 El Ceibo 0.<br \/>\n<strong>C\u00f3mo sigue la programaci\u00f3n:<\/strong><br \/>\nViernes 17\/08\/2018<br \/>\nNUEVE DE JULIO Vs. CLUB ATLETICO SAN ISIDRO U-13 18:30 Hs. 13\u00ba Fecha \u2013 Mini: 19:30<br \/>\nCULTURAL ARROYITO Vs. NUEVE DE FREYRE U-17 y 1ra. Divisi\u00f3n 20:00 Hs. \u2013 22:00 Hs. 2da. Fecha<br \/>\nPORTE\u00d1A ASOC. Vs. ASOCIACION \u201cEL CEIBO\u201d U-17 y 1ra. Divisi\u00f3n 20:00 Hs. \u2013 22:00 Hs. 2da. Fecha<\/p>\n<p>Sabado 18\/08\/2018<br \/>\nCENTRO SOC. Vs. CLUB ALMAFUERTE LAS VARILLAS U-17 y U-19 A partir de las 14:00 Hs. 2da. Fecha<\/p>\n<p>Lunes 20\/08\/2018<br \/>\nCLUB ALMAFUERTE Vs. SAN JORGE U-17 \u2013 U15 y U-19 A partir de las 14:00 Hs. 1ra. Fecha<\/p>\n<p>Miercoles 22\/08\/2018<br \/>\nDEVOTO Vs. TIRO FED. Y DEP. MORTEROS U-15 y U-19 A partir de las 19:30 Hs. 2da. Fecha<\/p>\n<p>(POSTERGADO) ASOCIACION \u201cEL CEIBO\u201d Vs. CLUB \u201cEL TALA\u201d U-17 y 1ra. Divisi\u00f3n 1er. FECHA<br \/>\n(POSTERGADO) ASOCIACION \u201cEL CEIBO\u201d Vs. CLUB \u201cEL TALA\u201d U-15 y U-19 1er. FECHA<br \/>\n(POSTERGADO) CULTURAL ARROYITO Vs. NUEVE DE JULIO O. DE FREYRE U-15 y U-19 2da. FECHA<\/p>\n","protected":false},"excerpt":{"rendered":"<p>Este jueves continu\u00f3 la 2da fecha del Clausura del Interasociativo. En la apertura, Devoto super\u00f3 a Tiro Federal.<\/p>\n","protected":false},"author":2,"featured_media":4091,"comment_status":"open","ping_status":"open","sticky":false,"template":"","format":"standard","meta":{"footnotes":""},"categories":[1],"tags":[],"class_list":["post-5083","post","type-post","status-publish","format-standard","has-post-thumbnail","hentry","category-sin-categoria"],"_links":{"self":[{"href":"http:\/\/zonade3.com.ar\/blog\/wp-json\/wp\/v2\/posts\/5083","targetHints":{"allow":["GET"]}}],"collection":[{"href":"http:\/\/zonade3.com.ar\/blog\/wp-json\/wp\/v2\/posts"}],"about":[{"href":"http:\/\/zonade3.com.ar\/blog\/wp-json\/wp\/v2\/types\/post"}],"author":[{"embeddable":true,"href":"http:\/\/zonade3.com.ar\/blog\/wp-json\/wp\/v2\/users\/2"}],"replies":[{"embeddable":true,"href":"http:\/\/zonade3.com.ar\/blog\/wp-json\/wp\/v2\/comments?post=5083"}],"version-history":[{"count":1,"href":"http:\/\/zonade3.com.ar\/blog\/wp-json\/wp\/v2\/posts\/5083\/revisions"}],"predecessor-version":[{"id":5084,"href":"http:\/\/zonade3.com.ar\/blog\/wp-json\/wp\/v2\/posts\/5083\/revisions\/5084"}],"wp:featuredmedia":[{"embeddable":true,"href":"http:\/\/zonade3.com.ar\/blog\/wp-json\/wp\/v2\/media\/4091"}],"wp:attachment":[{"href":"http:\/\/zonade3.com.ar\/blog\/wp-json\/wp\/v2\/media?parent=5083"}],"wp:term":[{"taxonomy":"category","embeddable":true,"href":"http:\/\/zonade3.com.ar\/blog\/wp-json\/wp\/v2\/categories?post=5083"},{"taxonomy":"post_tag","embeddable":true,"href":"http:\/\/zonade3.com.ar\/blog\/wp-json\/wp\/v2\/tags?post=5083"}],"curies":[{"name":"wp","href":"https:\/\/api.w.org\/{rel}","templated":true}]}}