{"id":5092,"date":"2018-08-20T04:17:17","date_gmt":"2018-08-20T04:17:17","guid":{"rendered":"http:\/\/zonade3.com.ar.ar\/blog\/?p=5092"},"modified":"2018-08-20T04:17:17","modified_gmt":"2018-08-20T04:17:17","slug":"ceres-recibio-la-fiesta-del-minibasquet-femenino","status":"publish","type":"post","link":"http:\/\/zonade3.com.ar\/blog\/ceres-recibio-la-fiesta-del-minibasquet-femenino\/","title":{"rendered":"Ceres recibi\u00f3 la fiesta del Minibasquet Femenino"},"content":{"rendered":"<p>Este s\u00e1bado 18 de agosto, en las instalaciones del club Central y de Atl\u00e9tico Ceres Uni\u00f3n, se vivi\u00f3 una jornada a puro b\u00e1squet femenino.<br \/>\nAlrededor de 400 ni\u00f1as disfrutaron del primer encuentro del mini b\u00e1squet femenino que alberg\u00f3 a 22 clubes y mas de 40 equipos de tres provincias, Santa Fe, Santiago del Estero y C\u00f3rdoba.<br \/>\nDurante toda la jornada, los coordinadores de deportes municipal, Prof. Santiago Morbidoni y Pablo Quintana, acompa\u00f1aron la organizaci\u00f3n y a las chicas en la pr\u00e1ctica del deporte.<br \/>\nEn el acto de cierre y posterior entrega de premios, el concejal, M.V. Pablo Fiore, resalt\u00f3 el apoyo municipal a las actividades deportivas, y asegur\u00f3 que el municipio estar\u00e1 presente siempre que el deporte lo necesite.<br \/>\nTambi\u00e9n de este encuentro, particip\u00f3 la escuela municipal de b\u00e1squet, a cargo de la profe Laura Alonso.<\/p>\n","protected":false},"excerpt":{"rendered":"<p>Este s\u00e1bado 18 de agosto, en las instalaciones del club Central y de Atl\u00e9tico Ceres Uni\u00f3n, se vivi\u00f3<\/p>\n","protected":false},"author":2,"featured_media":5093,"comment_status":"open","ping_status":"open","sticky":false,"template":"","format":"standard","meta":{"footnotes":""},"categories":[1],"tags":[],"class_list":["post-5092","post","type-post","status-publish","format-standard","has-post-thumbnail","hentry","category-sin-categoria"],"_links":{"self":[{"href":"http:\/\/zonade3.com.ar\/blog\/wp-json\/wp\/v2\/posts\/5092","targetHints":{"allow":["GET"]}}],"collection":[{"href":"http:\/\/zonade3.com.ar\/blog\/wp-json\/wp\/v2\/posts"}],"about":[{"href":"http:\/\/zonade3.com.ar\/blog\/wp-json\/wp\/v2\/types\/post"}],"author":[{"embeddable":true,"href":"http:\/\/zonade3.com.ar\/blog\/wp-json\/wp\/v2\/users\/2"}],"replies":[{"embeddable":true,"href":"http:\/\/zonade3.com.ar\/blog\/wp-json\/wp\/v2\/comments?post=5092"}],"version-history":[{"count":1,"href":"http:\/\/zonade3.com.ar\/blog\/wp-json\/wp\/v2\/posts\/5092\/revisions"}],"predecessor-version":[{"id":5094,"href":"http:\/\/zonade3.com.ar\/blog\/wp-json\/wp\/v2\/posts\/5092\/revisions\/5094"}],"wp:featuredmedia":[{"embeddable":true,"href":"http:\/\/zonade3.com.ar\/blog\/wp-json\/wp\/v2\/media\/5093"}],"wp:attachment":[{"href":"http:\/\/zonade3.com.ar\/blog\/wp-json\/wp\/v2\/media?parent=5092"}],"wp:term":[{"taxonomy":"category","embeddable":true,"href":"http:\/\/zonade3.com.ar\/blog\/wp-json\/wp\/v2\/categories?post=5092"},{"taxonomy":"post_tag","embeddable":true,"href":"http:\/\/zonade3.com.ar\/blog\/wp-json\/wp\/v2\/tags?post=5092"}],"curies":[{"name":"wp","href":"https:\/\/api.w.org\/{rel}","templated":true}]}}