{"id":5095,"date":"2018-08-20T04:25:18","date_gmt":"2018-08-20T04:25:18","guid":{"rendered":"http:\/\/zonade3.com.ar.ar\/blog\/?p=5095"},"modified":"2018-08-20T04:25:18","modified_gmt":"2018-08-20T04:25:18","slug":"liga-argentina-algunas-definiciones","status":"publish","type":"post","link":"http:\/\/zonade3.com.ar\/blog\/liga-argentina-algunas-definiciones\/","title":{"rendered":"Liga Argentina: algunas definiciones"},"content":{"rendered":"<p>Reuni\u00f3n de categor\u00eda de La Liga Argentina<br \/>\nLa semana pasada se desarroll\u00f3 en Buenos Aires un nuevo encuentro de la segunda categor\u00eda. \u201cHicimos m\u00e1s de 20 reuniones en 4 a\u00f1os\u201d, enfatiz\u00f3 el presidente de la AdC, Fabi\u00e1n Borro, quien fue ratificado para continuar en el cargo. La temporada 2018\/19 se jugar\u00e1 con 3 \u00e1rbitros. Se aprob\u00f3 la Memoria y Balance.<br \/>\nDurante la reuni\u00f3n de La Liga Argentina, el presidente de la Asociaci\u00f3n de Clubes, Fabi\u00e1n Borro, fue ratificado por los presidentes para continuar en el cargo por otros cuatro a\u00f1os. \u201cHicimos m\u00e1s de 20 reuniones en 4 a\u00f1os para la categor\u00eda, cuando antes se hac\u00eda una por a\u00f1o. Se trata de un avance impresionante y es la demostraci\u00f3n de que los dirigentes han tomado las riendas de La Liga. Todas las decisiones durante este tiempo fueron consensuadas, con debate amplio y muy democr\u00e1tico en el que todos pudieron exponer sus ideas\u201d, manifest\u00f3 Borro.<br \/>\nDurante el encuentro se inform\u00f3 que el 4 de septiembre ser\u00e1 el sorteo del Draft para La Liga Argentina, en el que los clubes podr\u00e1n inscribirse para fichar extranjeros. En el listado hay m\u00e1s de 60 jugadores y la primera ronda ser\u00e1 con todos los inscriptos en el orden que determine el sorteo, mientras que en la segunda ronda el orden ser\u00e1 inverso al de la primera vuelta, con los equipos que opten por tomarlo (solo para aquellos que quieran dos fichas).<br \/>\nEntre los puntos del d\u00eda, se aprob\u00f3 por unanimidad la Memoria y Balance. Adem\u00e1s, se aprob\u00f3 que la pr\u00f3xima temporada se jugar\u00e1 con tres \u00e1rbitros y se ratific\u00f3 el rumbo y la b\u00fasqueda de seguir profesionalizando las \u00e1reas de marketing y comunicaci\u00f3n de cada club. Los clubes tambi\u00e9n pidieron jugar una fase regular de 8 meses.<br \/>\nFuente: Prensa AdC<\/p>\n","protected":false},"excerpt":{"rendered":"<p>Reuni\u00f3n de categor\u00eda de La Liga Argentina La semana pasada se desarroll\u00f3 en Buenos Aires un nuevo encuentro<\/p>\n","protected":false},"author":2,"featured_media":3049,"comment_status":"open","ping_status":"open","sticky":false,"template":"","format":"standard","meta":{"footnotes":""},"categories":[1],"tags":[],"class_list":["post-5095","post","type-post","status-publish","format-standard","has-post-thumbnail","hentry","category-sin-categoria"],"_links":{"self":[{"href":"http:\/\/zonade3.com.ar\/blog\/wp-json\/wp\/v2\/posts\/5095","targetHints":{"allow":["GET"]}}],"collection":[{"href":"http:\/\/zonade3.com.ar\/blog\/wp-json\/wp\/v2\/posts"}],"about":[{"href":"http:\/\/zonade3.com.ar\/blog\/wp-json\/wp\/v2\/types\/post"}],"author":[{"embeddable":true,"href":"http:\/\/zonade3.com.ar\/blog\/wp-json\/wp\/v2\/users\/2"}],"replies":[{"embeddable":true,"href":"http:\/\/zonade3.com.ar\/blog\/wp-json\/wp\/v2\/comments?post=5095"}],"version-history":[{"count":1,"href":"http:\/\/zonade3.com.ar\/blog\/wp-json\/wp\/v2\/posts\/5095\/revisions"}],"predecessor-version":[{"id":5096,"href":"http:\/\/zonade3.com.ar\/blog\/wp-json\/wp\/v2\/posts\/5095\/revisions\/5096"}],"wp:featuredmedia":[{"embeddable":true,"href":"http:\/\/zonade3.com.ar\/blog\/wp-json\/wp\/v2\/media\/3049"}],"wp:attachment":[{"href":"http:\/\/zonade3.com.ar\/blog\/wp-json\/wp\/v2\/media?parent=5095"}],"wp:term":[{"taxonomy":"category","embeddable":true,"href":"http:\/\/zonade3.com.ar\/blog\/wp-json\/wp\/v2\/categories?post=5095"},{"taxonomy":"post_tag","embeddable":true,"href":"http:\/\/zonade3.com.ar\/blog\/wp-json\/wp\/v2\/tags?post=5095"}],"curies":[{"name":"wp","href":"https:\/\/api.w.org\/{rel}","templated":true}]}}