{"id":5101,"date":"2018-08-21T02:43:35","date_gmt":"2018-08-21T02:43:35","guid":{"rendered":"http:\/\/zonade3.com.ar.ar\/blog\/?p=5101"},"modified":"2018-08-21T02:43:35","modified_gmt":"2018-08-21T02:43:35","slug":"noroeste-racing-lo-cerro-mejor-y-gano-en-barrio-belgrano-de-ceres","status":"publish","type":"post","link":"http:\/\/zonade3.com.ar\/blog\/noroeste-racing-lo-cerro-mejor-y-gano-en-barrio-belgrano-de-ceres\/","title":{"rendered":"Noroeste: Racing lo cerr\u00f3 mejor y gan\u00f3 en Barrio Belgrano de Ceres"},"content":{"rendered":"<p>Los de la cabecera departamental y en la continuidad de la octava fecha del Torneo Oficial, derrot\u00f3 a Atl\u00e9tico Ceres 66-58. Un desarrollo y en l\u00edneas generales, favorable a la visita, pero en medio del mismo, el \u00abrojo\u00bb tuvo diferentes reacciones que le permitieron estar arriba en las estad\u00edsticas.<br \/>\nSin embargo, cuando debi\u00f3 afirmar esas remontadas o pasajes favorables, no logr\u00f3 extenderlas y los de San Crist\u00f3bal lo aprovecharon.<br \/>\nEl primer segmento fue de Racing por seis de distancia (18-12) y se fue al descanso ganando apenas por un doble.<br \/>\nEn el cierre aprovech\u00f3 una falta t\u00e9cnica sancionada a Diego, la segunda y ya no volvi\u00f3 en el complemento por descalificaci\u00f3n del juego.<br \/>\nUna baja sensible en Atl\u00e9tico Ceres, quien igualmente, se sostuvo siempre en partido.<br \/>\nEntre Abb\u00e1 y Rigada, se repartieron el m\u00e1ximo goleo de Racing y comenzaron a inclinar la balanza para el lado visitante.<br \/>\nLos dirigidos por Hechavarr\u00eda lo cerraron mejor y ganaron en Barrio Belgrano.<br \/>\n<strong>S\u00edntesis<\/strong><br \/>\n<strong>ATL\u00c9TICO CERES 58 &#8211; RACING (SC) 66<\/strong><br \/>\nEstadio \u00abFacundo Sucatzky\u00bb<br \/>\n<strong>ATL\u00c9TICO CERES:<\/strong> Morbidoni (9); Fornero (11); Faure (18); Diego P\u00e9rez (2); Sosa (18), Mart\u00ednez; Varaldo; Camandona; Caffaro; Siri; Trionfetti; Qui\u00f1a. DT: Diego Gim\u00e9nez.<br \/>\n<strong>RACING (SC):<\/strong> Ballestro; Minhot (8); Caula (8); Abb\u00e1 (24); Rigada (19); Piri (5); Santill\u00e1n (2); Magallanes; Su\u00e1rez; Simonella; Ariel P\u00e9rez; Lant\u00edn. DT: Radbel Hechevarr\u00eda.<br \/>\n\u00c1rbitros: Peruchini-D\u00edaz (Asociaci\u00f3n Noroeste Santafesino)<br \/>\n<strong>POSICIONES:<\/strong> Atl\u00e9tico Tostado 20 (x); Racing (SC) (x) 17;Uni\u00f3n San Guillermo 16,5; San Lorenzo (T) 16,5; Central 15,5 (xxxx); Sportivo Suardi 14,5 (xx); Atl\u00e9tico Ceres (x) 13,5; Libertad (x) 12,5.<br \/>\n(x) Tienen un partido pendiente<br \/>\n(xx) Tiene dos partidos pendientes<br \/>\n(xxxx) Tiene tres partidos pendientes<br \/>\nFuente\/Foto: Adrian Tavella<\/p>\n","protected":false},"excerpt":{"rendered":"<p>Los de la cabecera departamental y en la continuidad de la octava fecha del Torneo Oficial, derrot\u00f3 a<\/p>\n","protected":false},"author":2,"featured_media":5102,"comment_status":"open","ping_status":"open","sticky":false,"template":"","format":"standard","meta":{"footnotes":""},"categories":[1],"tags":[],"class_list":["post-5101","post","type-post","status-publish","format-standard","has-post-thumbnail","hentry","category-sin-categoria"],"_links":{"self":[{"href":"http:\/\/zonade3.com.ar\/blog\/wp-json\/wp\/v2\/posts\/5101","targetHints":{"allow":["GET"]}}],"collection":[{"href":"http:\/\/zonade3.com.ar\/blog\/wp-json\/wp\/v2\/posts"}],"about":[{"href":"http:\/\/zonade3.com.ar\/blog\/wp-json\/wp\/v2\/types\/post"}],"author":[{"embeddable":true,"href":"http:\/\/zonade3.com.ar\/blog\/wp-json\/wp\/v2\/users\/2"}],"replies":[{"embeddable":true,"href":"http:\/\/zonade3.com.ar\/blog\/wp-json\/wp\/v2\/comments?post=5101"}],"version-history":[{"count":1,"href":"http:\/\/zonade3.com.ar\/blog\/wp-json\/wp\/v2\/posts\/5101\/revisions"}],"predecessor-version":[{"id":5103,"href":"http:\/\/zonade3.com.ar\/blog\/wp-json\/wp\/v2\/posts\/5101\/revisions\/5103"}],"wp:featuredmedia":[{"embeddable":true,"href":"http:\/\/zonade3.com.ar\/blog\/wp-json\/wp\/v2\/media\/5102"}],"wp:attachment":[{"href":"http:\/\/zonade3.com.ar\/blog\/wp-json\/wp\/v2\/media?parent=5101"}],"wp:term":[{"taxonomy":"category","embeddable":true,"href":"http:\/\/zonade3.com.ar\/blog\/wp-json\/wp\/v2\/categories?post=5101"},{"taxonomy":"post_tag","embeddable":true,"href":"http:\/\/zonade3.com.ar\/blog\/wp-json\/wp\/v2\/tags?post=5101"}],"curies":[{"name":"wp","href":"https:\/\/api.w.org\/{rel}","templated":true}]}}