{"id":5110,"date":"2018-08-22T03:17:48","date_gmt":"2018-08-22T03:17:48","guid":{"rendered":"http:\/\/zonade3.com.ar.ar\/blog\/?p=5110"},"modified":"2018-08-22T03:41:10","modified_gmt":"2018-08-22T03:41:10","slug":"torneo-federal-gomez-quintero-el-5to-refuerzo-de-sportivo","status":"publish","type":"post","link":"http:\/\/zonade3.com.ar\/blog\/torneo-federal-gomez-quintero-el-5to-refuerzo-de-sportivo\/","title":{"rendered":"Torneo Federal: G\u00f3mez Quintero, el 5to. refuerzo de Sportivo"},"content":{"rendered":"<p>En la \u00faltimas horas, Sportivo Suardi confirm\u00f3 al 5\u00b0 refuerzo de cara al comienzo del Torneo Federal. Se trata de Lisandro G\u00f3mez Quintero, que en la \u00faltima temporada jug\u00f3 Liga Argentina en Ober\u00e1 de <a href=\"http:\/\/zonade3.com.ar.ar\/blog\/wp-content\/uploads\/2018\/08\/peralta-jose.jpg\"><img loading=\"lazy\" decoding=\"async\" class=\"size-medium wp-image-5112 alignright\" src=\"http:\/\/zonade3.com.ar.ar\/blog\/wp-content\/uploads\/2018\/08\/peralta-jose-300x225.jpg\" alt=\"\" width=\"300\" height=\"225\" srcset=\"http:\/\/zonade3.com.ar\/blog\/wp-content\/uploads\/2018\/08\/peralta-jose-300x225.jpg 300w, http:\/\/zonade3.com.ar\/blog\/wp-content\/uploads\/2018\/08\/peralta-jose.jpg 640w\" sizes=\"auto, (max-width: 300px) 100vw, 300px\" \/><\/a>Misiones. Juega en posici\u00f3n 2-3, mide 1,85 y tiene 23 a\u00f1os; caracterizado por gran potencia de piernas y muy buena defensa.<br \/>\nGomez Quintero se suma as\u00ed a Jos\u00e9 Peralta (foto), quien ya comenz\u00f3 a entrenar en el club, como jugadores que por primera vez vestir\u00e1n la casaca \u00abrojiblanca\u00bb. Como refuerzo adem\u00e1s, Cristian Cadillac continuar\u00e1 una temporada mas, y Agust\u00edn Pautasso y Esteban Ledesma quienes luego del Federal pasado, siguieron en el club para el torneo local.<br \/>\nEstos 5 refuerzos mas los jugadores del club, Gandolfo, Grosso, Chicco, Braida, Gerlero, Woisard, Matturo, Andrione, entre otros conformar\u00e1n el plantel para la Temporada 18-19 del Federal.<br \/>\nFuente: Prensa Sportivo Suardi<\/p>\n","protected":false},"excerpt":{"rendered":"<p>En la \u00faltimas horas, Sportivo Suardi confirm\u00f3 al 5\u00b0 refuerzo de cara al comienzo del Torneo Federal. Se<\/p>\n","protected":false},"author":2,"featured_media":5111,"comment_status":"open","ping_status":"open","sticky":false,"template":"","format":"standard","meta":{"footnotes":""},"categories":[1],"tags":[],"class_list":["post-5110","post","type-post","status-publish","format-standard","has-post-thumbnail","hentry","category-sin-categoria"],"_links":{"self":[{"href":"http:\/\/zonade3.com.ar\/blog\/wp-json\/wp\/v2\/posts\/5110","targetHints":{"allow":["GET"]}}],"collection":[{"href":"http:\/\/zonade3.com.ar\/blog\/wp-json\/wp\/v2\/posts"}],"about":[{"href":"http:\/\/zonade3.com.ar\/blog\/wp-json\/wp\/v2\/types\/post"}],"author":[{"embeddable":true,"href":"http:\/\/zonade3.com.ar\/blog\/wp-json\/wp\/v2\/users\/2"}],"replies":[{"embeddable":true,"href":"http:\/\/zonade3.com.ar\/blog\/wp-json\/wp\/v2\/comments?post=5110"}],"version-history":[{"count":3,"href":"http:\/\/zonade3.com.ar\/blog\/wp-json\/wp\/v2\/posts\/5110\/revisions"}],"predecessor-version":[{"id":5115,"href":"http:\/\/zonade3.com.ar\/blog\/wp-json\/wp\/v2\/posts\/5110\/revisions\/5115"}],"wp:featuredmedia":[{"embeddable":true,"href":"http:\/\/zonade3.com.ar\/blog\/wp-json\/wp\/v2\/media\/5111"}],"wp:attachment":[{"href":"http:\/\/zonade3.com.ar\/blog\/wp-json\/wp\/v2\/media?parent=5110"}],"wp:term":[{"taxonomy":"category","embeddable":true,"href":"http:\/\/zonade3.com.ar\/blog\/wp-json\/wp\/v2\/categories?post=5110"},{"taxonomy":"post_tag","embeddable":true,"href":"http:\/\/zonade3.com.ar\/blog\/wp-json\/wp\/v2\/tags?post=5110"}],"curies":[{"name":"wp","href":"https:\/\/api.w.org\/{rel}","templated":true}]}}