{"id":5116,"date":"2018-08-22T17:20:36","date_gmt":"2018-08-22T17:20:36","guid":{"rendered":"http:\/\/zonade3.com.ar.ar\/blog\/?p=5116"},"modified":"2018-08-22T17:20:36","modified_gmt":"2018-08-22T17:20:36","slug":"liga-argentina-tiro-federal-inicio-su-pretemporada","status":"publish","type":"post","link":"http:\/\/zonade3.com.ar\/blog\/liga-argentina-tiro-federal-inicio-su-pretemporada\/","title":{"rendered":"Liga Argentina: Tiro Federal inici\u00f3 su pretemporada"},"content":{"rendered":"<p>Tiro Federal y Deportivo Morteros ya comenz\u00f3 con los entrenamientos para sumarse en la temporada 2018\/2019 de la Liga Argentina.<br \/>\n\u201cCon un gran esfuerzo de dirigentes, sub comisi\u00f3n y auspiciantes, una vez m\u00e1s Tiro Federal se suma a la Liga Argentina\u201d coment\u00f3 Dami\u00e1n Borgogno. Al tiempo que agreg\u00f3 que \u201cel plantel comenz\u00f3 a entrenar el lunes y est\u00e1n realizando trabajos de preparaci\u00f3n f\u00edsica y t\u00e1ctica\u201d<br \/>\nPor otro lado subray\u00f3 la importancia para el b\u00e1squet de la ciudad de Morteros y la regi\u00f3n \u201ccontar con un equipo que est\u00e9 jugando en la Liga Argetina\u201d al tiempo que agreg\u00f3: \u201ceste esfuerzo permite posicionar al club y a la ciudad a nivel nacional\u201d.<br \/>\nNo obstante destac\u00f3 la gran demanda econ\u00f3mica que conlleva afrontar esta categor\u00eda, por lo cual agradeci\u00f3 a los auspiciantes y anticip\u00f3 que est\u00e1n por cerrar un gran patrocinio de una gran empresa de Morteros.<br \/>\nFinalizando agradeci\u00f3 a BHY por el gran aporte de todos estos a\u00f1os al lado de Tiro, acompa\u00f1ado al club en la segunda categor\u00eda del b\u00e1squet nacional.<br \/>\nEl plantel est\u00e1 a las ordenes del entrenador Gustavo Lucato mientras que Guillermo Kenig asume el rol de asistente luego de su carrera como jugador, con antecedente inmediato en Brown de San Vicente. Estar\u00e1 a cargo del scouting y la preparaci\u00f3n f\u00edsica del plantel que afrontar\u00e1 una nueva campa\u00f1a en la segunda divisi\u00f3n del b\u00e1squetbol de nuestro pa\u00eds.<br \/>\nFuente\/Foto: Prensa Tiro Federal<\/p>\n","protected":false},"excerpt":{"rendered":"<p>Tiro Federal y Deportivo Morteros ya comenz\u00f3 con los entrenamientos para sumarse en la temporada 2018\/2019 de la<\/p>\n","protected":false},"author":2,"featured_media":5117,"comment_status":"open","ping_status":"open","sticky":false,"template":"","format":"standard","meta":{"footnotes":""},"categories":[1],"tags":[],"class_list":["post-5116","post","type-post","status-publish","format-standard","has-post-thumbnail","hentry","category-sin-categoria"],"_links":{"self":[{"href":"http:\/\/zonade3.com.ar\/blog\/wp-json\/wp\/v2\/posts\/5116","targetHints":{"allow":["GET"]}}],"collection":[{"href":"http:\/\/zonade3.com.ar\/blog\/wp-json\/wp\/v2\/posts"}],"about":[{"href":"http:\/\/zonade3.com.ar\/blog\/wp-json\/wp\/v2\/types\/post"}],"author":[{"embeddable":true,"href":"http:\/\/zonade3.com.ar\/blog\/wp-json\/wp\/v2\/users\/2"}],"replies":[{"embeddable":true,"href":"http:\/\/zonade3.com.ar\/blog\/wp-json\/wp\/v2\/comments?post=5116"}],"version-history":[{"count":1,"href":"http:\/\/zonade3.com.ar\/blog\/wp-json\/wp\/v2\/posts\/5116\/revisions"}],"predecessor-version":[{"id":5118,"href":"http:\/\/zonade3.com.ar\/blog\/wp-json\/wp\/v2\/posts\/5116\/revisions\/5118"}],"wp:featuredmedia":[{"embeddable":true,"href":"http:\/\/zonade3.com.ar\/blog\/wp-json\/wp\/v2\/media\/5117"}],"wp:attachment":[{"href":"http:\/\/zonade3.com.ar\/blog\/wp-json\/wp\/v2\/media?parent=5116"}],"wp:term":[{"taxonomy":"category","embeddable":true,"href":"http:\/\/zonade3.com.ar\/blog\/wp-json\/wp\/v2\/categories?post=5116"},{"taxonomy":"post_tag","embeddable":true,"href":"http:\/\/zonade3.com.ar\/blog\/wp-json\/wp\/v2\/tags?post=5116"}],"curies":[{"name":"wp","href":"https:\/\/api.w.org\/{rel}","templated":true}]}}