{"id":5122,"date":"2018-08-25T03:34:11","date_gmt":"2018-08-25T03:34:11","guid":{"rendered":"http:\/\/zonade3.com.ar.ar\/blog\/?p=5122"},"modified":"2018-08-25T05:19:34","modified_gmt":"2018-08-25T05:19:34","slug":"interasociativo-la-programacion-4","status":"publish","type":"post","link":"http:\/\/zonade3.com.ar\/blog\/interasociativo-la-programacion-4\/","title":{"rendered":"Interasociativo: el \u00abceleste\u00bb de Morteros gan\u00f3 y lleg\u00f3 a la punta"},"content":{"rendered":"<p>La 3era. fecha continu\u00f3 este viernes con triunfo de 9 de Julio de Morteros en Las Varillas, para seguir bien arriba. En tanto, se registraron triunfos de San Jorge y Centro Social (en suplementario) a Tiro Federal.<br \/>\nEn tanto, este jueves tambi\u00e9n se jugaron partidos de la 3era. fecha del Clausura. 9 de Julio Ol\u00edmpico de Freyre gan\u00f3 en U17 y en Primera ante Sociedad Sportiva Devoto. El resultado final en Mayores fue 90-74.<strong>\u00a0<\/strong><br \/>\n<strong>Viernes 24\/08\/2018<\/strong><br \/>\nALMAFUERTE LAS VARILLAS 71-83 NUEVE DE JULIO 1ra. Divisi\u00f3n<br \/>\nSAN JORGE 88-74 CLUB \u201cEL TALA\u201d 1ra. Divisi\u00f3n<br \/>\nTIRO FED. 103-105 CENTRO SOC. Y DEP. BRINKMANN 1ra. Divisi\u00f3n<br \/>\n<strong>POSICIONES:<\/strong> 9 de Julio de Freyre y 9 de Julio de Morteros 6, Devoto, Centro Social y San Jorge 5, Tiro Federal 4, Porte\u00f1a Asoc., Almafuerte y El Tala 3, San Isidro y Cultural Arroyito 2, El Ceibo 1.<br \/>\n<strong>C\u00f3mo sigue la Programaci\u00f3n:\u00a0<\/strong><br \/>\nSabado 25\/08\/2018<br \/>\nTIRO FED. Vs. CENTRO SOC. Y DEP. BRINKMANN U-15 y U-19 A partir de las 16:00 Hs. 3er. Fecha<br \/>\nLunes 27\/08\/2018<br \/>\n\u201cEL CEIBO\u201d Vs.CULTURAL ARROYITO U-17 y 1ra. Divisi\u00f3n 20:00 Hs. \u2013 22:00 Hs. 3er. Fecha<br \/>\nMartes 28\/08\/2018<br \/>\nSAN ISIDRO PORTE\u00d1A ASOC.\u00a0 U-17 y 1ra. Divisi\u00f3n 20:00 Hs. \u2013 22:00 Hs. 3er. Fecha<br \/>\n\u201cEL CEIBO\u201d Vs. CLUB DEP. Y CULTURAL ARROYITO U-15 y U-19 A partir de las 20:00 Hs. 3er. Fecha<br \/>\nNUEVE DE FREYRE Vs. SOC. SPORTIVA DEVOTO U-15 y U-19 A partir de las 20:00 Hs. 3er. Fecha<br \/>\nCLUB ALMAFUERTE Vs. NUEVE DE JULIO U-15 y U-19 A partir de las 20:00 Hs. 3er. Fecha<br \/>\nMiercoles 29\/08\/2018<br \/>\nSAN ISIDRO Vs. PORTE\u00d1A ASOC. U-15 y U-19 A partir de las 20:00 Hs. 3er. Fecha<br \/>\n\u201cEL CEIBO\u201d Vs. CLUB \u201cEL TALA\u201d U-17 y 1ra. Divisi\u00f3n 1er. FECHA \u2013 <strong>FECHA A CONFIRMAR<\/strong><br \/>\nASOCIACION \u201cEL CEIBO\u201d Vs. CLUB \u201cEL TALA\u201d U-15 y U-19 1er. FECHA \u2013<strong> FECHA A CONFIRMAR<br \/>\n<\/strong>DEP. Y CULTURAL ARROYITO Vs. NUEVE DE FREYRE U-15 y U-19 2da. FECHA \u2013 <strong>FECHA A CONFIRMAR<\/strong><\/p>\n","protected":false},"excerpt":{"rendered":"<p>La 3era. fecha continu\u00f3 este viernes con triunfo de 9 de Julio de Morteros en Las Varillas, para<\/p>\n","protected":false},"author":2,"featured_media":3944,"comment_status":"open","ping_status":"open","sticky":false,"template":"","format":"standard","meta":{"footnotes":""},"categories":[1],"tags":[],"class_list":["post-5122","post","type-post","status-publish","format-standard","has-post-thumbnail","hentry","category-sin-categoria"],"_links":{"self":[{"href":"http:\/\/zonade3.com.ar\/blog\/wp-json\/wp\/v2\/posts\/5122","targetHints":{"allow":["GET"]}}],"collection":[{"href":"http:\/\/zonade3.com.ar\/blog\/wp-json\/wp\/v2\/posts"}],"about":[{"href":"http:\/\/zonade3.com.ar\/blog\/wp-json\/wp\/v2\/types\/post"}],"author":[{"embeddable":true,"href":"http:\/\/zonade3.com.ar\/blog\/wp-json\/wp\/v2\/users\/2"}],"replies":[{"embeddable":true,"href":"http:\/\/zonade3.com.ar\/blog\/wp-json\/wp\/v2\/comments?post=5122"}],"version-history":[{"count":5,"href":"http:\/\/zonade3.com.ar\/blog\/wp-json\/wp\/v2\/posts\/5122\/revisions"}],"predecessor-version":[{"id":5136,"href":"http:\/\/zonade3.com.ar\/blog\/wp-json\/wp\/v2\/posts\/5122\/revisions\/5136"}],"wp:featuredmedia":[{"embeddable":true,"href":"http:\/\/zonade3.com.ar\/blog\/wp-json\/wp\/v2\/media\/3944"}],"wp:attachment":[{"href":"http:\/\/zonade3.com.ar\/blog\/wp-json\/wp\/v2\/media?parent=5122"}],"wp:term":[{"taxonomy":"category","embeddable":true,"href":"http:\/\/zonade3.com.ar\/blog\/wp-json\/wp\/v2\/categories?post=5122"},{"taxonomy":"post_tag","embeddable":true,"href":"http:\/\/zonade3.com.ar\/blog\/wp-json\/wp\/v2\/tags?post=5122"}],"curies":[{"name":"wp","href":"https:\/\/api.w.org\/{rel}","templated":true}]}}