{"id":5141,"date":"2018-08-26T04:16:25","date_gmt":"2018-08-26T04:16:25","guid":{"rendered":"http:\/\/zonade3.com.ar.ar\/blog\/?p=5141"},"modified":"2018-08-26T04:16:25","modified_gmt":"2018-08-26T04:16:25","slug":"torneo-federal-guillermo-saavedra-analiza-el-futuro-con-cat","status":"publish","type":"post","link":"http:\/\/zonade3.com.ar\/blog\/torneo-federal-guillermo-saavedra-analiza-el-futuro-con-cat\/","title":{"rendered":"Torneo Federal: Guillermo Saavedra analiza el futuro con CAT"},"content":{"rendered":"<p>El pivote oriundo de Rafaela, Santa Fe, Guillermo Saavedra se suma a Atl\u00e9tico Tostado, en lo que ser\u00e1 la cuarta participaci\u00f3n consecutiva del elenco del norte santafesino en el Torneo Federal.<br \/>\nGuillermo charl\u00f3 con Prensa de Atl\u00e9tico Tostado: \u201cSoy un interno, que he jugado Liga C, Federal y Liga Argentina, y que vengo a Atl\u00e9tico Tostado a aportar lo mio para buscar el ascenso; las \u00faltimas dos temporadas jugu\u00e9 en Villa San Martin de Resistencia (Liga Argentina), e hice una muy buena experiencia\u201d.<br \/>\nAl consultarle por el club tostadense dijo lo siguiente: \u201cLa verdad que mucho no conozco, ya que he jugado el Federal pero siempre en la Zona Sur, y el CAT juega en la zona norte, pero me han comentado chicos que estuvieron antes que es un buen club\u201d.<br \/>\nAcerca de su trabajo m\u00e1s efectivo cont\u00f3: \u201cEl 80% de mi fuerte pasa por lo que pueda hacer bajo el aro, tengo algo de tiro en corta distancia pero la primera es mi mayor caracter\u00edstica\u201d.<br \/>\nAl hacerle referencia acerca de quien va a ser su entrenador, Sergio Aispurua, que conoce muy bien la posici\u00f3n, Guillermo agreg\u00f3: \u201cAl Vasco lo conozco de haberlo enfrentado en alg\u00fan seleccionado, s\u00e9 sobre su pasado en Liga Nacional y que es un entrenador al cual le gusta mucho el trabajo duro, y al haber jugado en la posici\u00f3n que juego, tratar\u00e9 de aprender much\u00edsimo\u201d.<br \/>\nEn cuanto de la zona Santafesina del Federal afirm\u00f3: \u201cC\u00f3mo ya lo he dicho, yo jugu\u00e9 m\u00e1s en la zona centro-sur, pero s\u00e9 que en la norte se juega a buen ritmo, se corre mucho, y tendr\u00e9 que adaptarme a este estilo\u201d.<br \/>\nSaavedra se sumar\u00e1 al plantel verde y blanco de Tostado en los primeros d\u00edas de septiembre.<br \/>\nFuente: Prensa Atl\u00e9tico Tostado<\/p>\n","protected":false},"excerpt":{"rendered":"<p>El pivote oriundo de Rafaela, Santa Fe, Guillermo Saavedra se suma a Atl\u00e9tico Tostado, en lo que ser\u00e1<\/p>\n","protected":false},"author":2,"featured_media":4943,"comment_status":"open","ping_status":"open","sticky":false,"template":"","format":"standard","meta":{"footnotes":""},"categories":[1],"tags":[],"class_list":["post-5141","post","type-post","status-publish","format-standard","has-post-thumbnail","hentry","category-sin-categoria"],"_links":{"self":[{"href":"http:\/\/zonade3.com.ar\/blog\/wp-json\/wp\/v2\/posts\/5141","targetHints":{"allow":["GET"]}}],"collection":[{"href":"http:\/\/zonade3.com.ar\/blog\/wp-json\/wp\/v2\/posts"}],"about":[{"href":"http:\/\/zonade3.com.ar\/blog\/wp-json\/wp\/v2\/types\/post"}],"author":[{"embeddable":true,"href":"http:\/\/zonade3.com.ar\/blog\/wp-json\/wp\/v2\/users\/2"}],"replies":[{"embeddable":true,"href":"http:\/\/zonade3.com.ar\/blog\/wp-json\/wp\/v2\/comments?post=5141"}],"version-history":[{"count":1,"href":"http:\/\/zonade3.com.ar\/blog\/wp-json\/wp\/v2\/posts\/5141\/revisions"}],"predecessor-version":[{"id":5142,"href":"http:\/\/zonade3.com.ar\/blog\/wp-json\/wp\/v2\/posts\/5141\/revisions\/5142"}],"wp:featuredmedia":[{"embeddable":true,"href":"http:\/\/zonade3.com.ar\/blog\/wp-json\/wp\/v2\/media\/4943"}],"wp:attachment":[{"href":"http:\/\/zonade3.com.ar\/blog\/wp-json\/wp\/v2\/media?parent=5141"}],"wp:term":[{"taxonomy":"category","embeddable":true,"href":"http:\/\/zonade3.com.ar\/blog\/wp-json\/wp\/v2\/categories?post=5141"},{"taxonomy":"post_tag","embeddable":true,"href":"http:\/\/zonade3.com.ar\/blog\/wp-json\/wp\/v2\/tags?post=5141"}],"curies":[{"name":"wp","href":"https:\/\/api.w.org\/{rel}","templated":true}]}}