{"id":5153,"date":"2018-09-02T04:09:33","date_gmt":"2018-09-02T04:09:33","guid":{"rendered":"http:\/\/zonade3.com.ar.ar\/blog\/?p=5153"},"modified":"2018-09-03T03:09:32","modified_gmt":"2018-09-03T03:09:32","slug":"wolkowyski-llega-a-morteros-para-presentar-campus-con-tu-idolo","status":"publish","type":"post","link":"http:\/\/zonade3.com.ar\/blog\/wolkowyski-llega-a-morteros-para-presentar-campus-con-tu-idolo\/","title":{"rendered":"Wolkowyski trajo a Morteros el \u00abCampus con tu \u00eddolo\u00bb"},"content":{"rendered":"<p>Organizado por la Municipalidad de Morteros con el apoyo de los clubes la ciudad y la Asociaci\u00f3n de b\u00e1squet, se desarroll\u00f3 durante el fin de semana el campus proveniente de la Secretaria de Deportes de la Naci\u00f3n, con el objetivo de fomentar el deporte y los buenos h\u00e1bitos en el interior del pa\u00eds a trav\u00e9s de \u00eddolos deportivos argentinos.<br \/>\nEn este caso, el Campus fue dictado por el ex basquetbolista Rub\u00e9n Wolkowyski. El s\u00e1bado se realiz\u00f3 la presentaci\u00f3n en Tiro Federal con la entrega del Decreto de parte del Intendente Jos\u00e9 Br\u00eda, que lo declar\u00f3 Hu\u00e9sped de Honor, adem\u00e1s de la entrega de presentes del municipio y clubes.<br \/>\nLuego, el primer tiempo del Campus se desarroll\u00f3 en el Estadio Vide Tealdi (T.F.D.M.) con fundamentos y juegos (pr\u00e1ctico) y luego se comparti\u00f3 un almuerzo.<br \/>\nEn tanto, el segundo tiempo de Campus tuvo lugar en el Polideportivo Carlos Cerutti (9 de Julio) con el desarrollo de fundamentos (pr\u00e1ctico) y una charla de Wolkowyski con los alumnos con el tema \u00abValores: buen compa\u00f1erismo y respeto al entrenador. Obligaciones de un jugador. C\u00f3mo cuidarse y evitar las drogas, el alcohol y la violencia\u00bb.<br \/>\nEn tanto, el domingo se llev\u00f3 adelante la parte te\u00f3rica en la Sala Concejo Deliberante (Municipalidad de Morteros) y tambi\u00e9n una charla con entrenadores, docentes, dirigentes y padres: \u00abEl deporte como medio de integraci\u00f3n e inclusi\u00f3n, los cambios positivos que produce. Herramientas de motivaci\u00f3n y apoyo al ni\u00f1o en su progreso. La equivocaci\u00f3n como aprendizaje. Filosof\u00eda de trabajo y trato\u00bb.<\/p>\n","protected":false},"excerpt":{"rendered":"<p>Organizado por la Municipalidad de Morteros con el apoyo de los clubes la ciudad y la Asociaci\u00f3n de<\/p>\n","protected":false},"author":2,"featured_media":5184,"comment_status":"open","ping_status":"open","sticky":false,"template":"","format":"standard","meta":{"footnotes":""},"categories":[1],"tags":[],"class_list":["post-5153","post","type-post","status-publish","format-standard","has-post-thumbnail","hentry","category-sin-categoria"],"_links":{"self":[{"href":"http:\/\/zonade3.com.ar\/blog\/wp-json\/wp\/v2\/posts\/5153","targetHints":{"allow":["GET"]}}],"collection":[{"href":"http:\/\/zonade3.com.ar\/blog\/wp-json\/wp\/v2\/posts"}],"about":[{"href":"http:\/\/zonade3.com.ar\/blog\/wp-json\/wp\/v2\/types\/post"}],"author":[{"embeddable":true,"href":"http:\/\/zonade3.com.ar\/blog\/wp-json\/wp\/v2\/users\/2"}],"replies":[{"embeddable":true,"href":"http:\/\/zonade3.com.ar\/blog\/wp-json\/wp\/v2\/comments?post=5153"}],"version-history":[{"count":3,"href":"http:\/\/zonade3.com.ar\/blog\/wp-json\/wp\/v2\/posts\/5153\/revisions"}],"predecessor-version":[{"id":5185,"href":"http:\/\/zonade3.com.ar\/blog\/wp-json\/wp\/v2\/posts\/5153\/revisions\/5185"}],"wp:featuredmedia":[{"embeddable":true,"href":"http:\/\/zonade3.com.ar\/blog\/wp-json\/wp\/v2\/media\/5184"}],"wp:attachment":[{"href":"http:\/\/zonade3.com.ar\/blog\/wp-json\/wp\/v2\/media?parent=5153"}],"wp:term":[{"taxonomy":"category","embeddable":true,"href":"http:\/\/zonade3.com.ar\/blog\/wp-json\/wp\/v2\/categories?post=5153"},{"taxonomy":"post_tag","embeddable":true,"href":"http:\/\/zonade3.com.ar\/blog\/wp-json\/wp\/v2\/tags?post=5153"}],"curies":[{"name":"wp","href":"https:\/\/api.w.org\/{rel}","templated":true}]}}