{"id":5156,"date":"2018-08-29T04:19:08","date_gmt":"2018-08-29T04:19:08","guid":{"rendered":"http:\/\/zonade3.com.ar.ar\/blog\/?p=5156"},"modified":"2018-08-29T04:19:08","modified_gmt":"2018-08-29T04:19:08","slug":"liga-argentina-central-de-ceres-presento-su-proyecto-en-sociedad","status":"publish","type":"post","link":"http:\/\/zonade3.com.ar\/blog\/liga-argentina-central-de-ceres-presento-su-proyecto-en-sociedad\/","title":{"rendered":"Liga Argentina: Central de Ceres present\u00f3 su proyecto en sociedad"},"content":{"rendered":"<p>En el \u00abRancho\u00bb del Club Central Argentino Ol\u00edmpico se realiz\u00f3 la conferencia de prensa presentanci\u00f3n del proyecto de Liga Argentina, con posterior cena con simpatizantes y colaboradores.<br \/>\nEncabezaron la charla con los medios el presidente de la entidad Andr\u00e9s Bernabeu, acompa\u00f1ado por la comisi\u00f3n de apoyo, cuerpo t\u00e9cnico y jugadores, dem\u00e1s autoridades pol\u00edticas, representantes del Senador Felipe Michlig, el Intendente Camilo Busquets y el presidente del Concejo Juan Mansilla como as\u00ed tambi\u00e9n parte del poder ejecutivo Municipal.<br \/>\nLa oportunidad sirvi\u00f3 para contar a la comunidad como se desarrollar\u00e1 la Liga Argentina en el que el Club participar\u00e1 en la pr\u00f3xima temporada, al tiempo que detallaron acciones que llevan adelante para lograr el cometido.<br \/>\nCentral realiza un esfuerzo econ\u00f3mico muy importante que represent\u00f3 pedir colaboraci\u00f3n de muchos sectores y particulares, esfuerzo de las comisiones que rindieron buenos resultados y ponen al club en un lugar hist\u00f3rico en lo deportivo para la ciudad de Ceres.<br \/>\nTambi\u00e9n Central puso a disposici\u00f3n un bono contribuci\u00f3n con 150 mil pesos en premios en \u00f3rdenes de compra, que ser\u00e1n repartidos en premios mensuales. Las cuotas ser\u00e1n mensuales y costar\u00e1n 300 pesos la primera y el resto de 200 pesos.<br \/>\nEl Municipio por su parte anunci\u00f3 que aportar\u00e1 las luminarias que el estadio necesita de acuerdo a las exigencias que establece el propio torneo mientras que el resto de las remodelaciones podr\u00e1n hacerse de a poco.<br \/>\nFuente\/Foto: CeresDiario<\/p>\n","protected":false},"excerpt":{"rendered":"<p>En el \u00abRancho\u00bb del Club Central Argentino Ol\u00edmpico se realiz\u00f3 la conferencia de prensa presentanci\u00f3n del proyecto de<\/p>\n","protected":false},"author":2,"featured_media":5157,"comment_status":"open","ping_status":"open","sticky":false,"template":"","format":"standard","meta":{"footnotes":""},"categories":[1],"tags":[],"class_list":["post-5156","post","type-post","status-publish","format-standard","has-post-thumbnail","hentry","category-sin-categoria"],"_links":{"self":[{"href":"http:\/\/zonade3.com.ar\/blog\/wp-json\/wp\/v2\/posts\/5156","targetHints":{"allow":["GET"]}}],"collection":[{"href":"http:\/\/zonade3.com.ar\/blog\/wp-json\/wp\/v2\/posts"}],"about":[{"href":"http:\/\/zonade3.com.ar\/blog\/wp-json\/wp\/v2\/types\/post"}],"author":[{"embeddable":true,"href":"http:\/\/zonade3.com.ar\/blog\/wp-json\/wp\/v2\/users\/2"}],"replies":[{"embeddable":true,"href":"http:\/\/zonade3.com.ar\/blog\/wp-json\/wp\/v2\/comments?post=5156"}],"version-history":[{"count":1,"href":"http:\/\/zonade3.com.ar\/blog\/wp-json\/wp\/v2\/posts\/5156\/revisions"}],"predecessor-version":[{"id":5158,"href":"http:\/\/zonade3.com.ar\/blog\/wp-json\/wp\/v2\/posts\/5156\/revisions\/5158"}],"wp:featuredmedia":[{"embeddable":true,"href":"http:\/\/zonade3.com.ar\/blog\/wp-json\/wp\/v2\/media\/5157"}],"wp:attachment":[{"href":"http:\/\/zonade3.com.ar\/blog\/wp-json\/wp\/v2\/media?parent=5156"}],"wp:term":[{"taxonomy":"category","embeddable":true,"href":"http:\/\/zonade3.com.ar\/blog\/wp-json\/wp\/v2\/categories?post=5156"},{"taxonomy":"post_tag","embeddable":true,"href":"http:\/\/zonade3.com.ar\/blog\/wp-json\/wp\/v2\/tags?post=5156"}],"curies":[{"name":"wp","href":"https:\/\/api.w.org\/{rel}","templated":true}]}}