{"id":5160,"date":"2018-08-29T04:34:33","date_gmt":"2018-08-29T04:34:33","guid":{"rendered":"http:\/\/zonade3.com.ar.ar\/blog\/?p=5160"},"modified":"2018-08-29T04:34:33","modified_gmt":"2018-08-29T04:34:33","slug":"interasociativo-se-cerro-la-3era-fecha-con-triunfo-de-portena-asoc","status":"publish","type":"post","link":"http:\/\/zonade3.com.ar\/blog\/interasociativo-se-cerro-la-3era-fecha-con-triunfo-de-portena-asoc\/","title":{"rendered":"Interasociativo: se cerr\u00f3 la 3era. fecha con triunfo de Porte\u00f1a Asoc."},"content":{"rendered":"<p>En la noche del martes se complet\u00f3 la 3era. Fecha de Primera Divisi\u00f3n del Clausura del Interasociativo con el partido en el que Porte\u00f1a Asociaci\u00f3n, le gan\u00f3 como visitante a San Isidro de San Francisco por 85 a 78.<strong> La fecha arranc\u00f3 el pasado jueves y tuvo estos resultados:\u00a0<\/strong><br \/>\nJueves 23:<br \/>\n9 de Julio Ol\u00edmpico vs Soc. Sportiva Devoto: 90-74<br \/>\nViernes 24:<br \/>\nAlmafuerte Las Varillas vs 9 de Julio (Morteros): 71-83<br \/>\nSan Jorge (Brinkmann) vs El Tala (San Francisco): 88-74<br \/>\nTiro Federal (Morteros) vs Centro Social (Brinkmann): 103-105<br \/>\nLunes 27:<br \/>\nEl Ceibo (San Francisco) vs Cultural Arroyito: 84-67<br \/>\nMartes 28:<br \/>\nSan Isidro (San Francisco) vs Porte\u00f1a Asociaci\u00f3n: 78-85<br \/>\n<strong>Posiciones:<\/strong> 9 de Julio Ol\u00edmpico 6, 9 de Julio (Morteros) 6, Soc. Sp. Devoto 5, Porte\u00f1a Asociaci\u00f3n 5, Cult. San Jorge\u00a05, Centro Social 5, Tiro Federal (M) 4, El Tala (San Fco)* 3, El Ceibo (San Fco)* 3, Almafuerte Las Varillas 3, Cultural Arroyito 3, San Isidro (San Fco) 3.<br \/>\n* Un Partido pendiente de la 1\u00ba Fecha<br \/>\n<strong>La 4ta. fecha tendr\u00e1 estos enfrentamientos:\u00a0<\/strong><br \/>\nTiro Federal (Morteros) vs Almafuerte Las Varillas<br \/>\nCentro Social (Brinkmann) vs 9 de Julio Ol\u00edmpico (Freyre)<br \/>\nSoc. Sportiva Devoto vs El Ceibo (San Francisco)<br \/>\nDep. y Cultural Arroyito vs San Isidro (San Francisco)<br \/>\nPorte\u00f1a Asociaci\u00f3n vs Cult. San Jorge (Brinkmann)<br \/>\nEl Tala (San Francisco) vs 9 de Julio (Morteros)<\/p>\n","protected":false},"excerpt":{"rendered":"<p>En la noche del martes se complet\u00f3 la 3era. Fecha de Primera Divisi\u00f3n del Clausura del Interasociativo con<\/p>\n","protected":false},"author":2,"featured_media":83,"comment_status":"open","ping_status":"open","sticky":false,"template":"","format":"standard","meta":{"footnotes":""},"categories":[1],"tags":[],"class_list":["post-5160","post","type-post","status-publish","format-standard","has-post-thumbnail","hentry","category-sin-categoria"],"_links":{"self":[{"href":"http:\/\/zonade3.com.ar\/blog\/wp-json\/wp\/v2\/posts\/5160","targetHints":{"allow":["GET"]}}],"collection":[{"href":"http:\/\/zonade3.com.ar\/blog\/wp-json\/wp\/v2\/posts"}],"about":[{"href":"http:\/\/zonade3.com.ar\/blog\/wp-json\/wp\/v2\/types\/post"}],"author":[{"embeddable":true,"href":"http:\/\/zonade3.com.ar\/blog\/wp-json\/wp\/v2\/users\/2"}],"replies":[{"embeddable":true,"href":"http:\/\/zonade3.com.ar\/blog\/wp-json\/wp\/v2\/comments?post=5160"}],"version-history":[{"count":1,"href":"http:\/\/zonade3.com.ar\/blog\/wp-json\/wp\/v2\/posts\/5160\/revisions"}],"predecessor-version":[{"id":5161,"href":"http:\/\/zonade3.com.ar\/blog\/wp-json\/wp\/v2\/posts\/5160\/revisions\/5161"}],"wp:featuredmedia":[{"embeddable":true,"href":"http:\/\/zonade3.com.ar\/blog\/wp-json\/wp\/v2\/media\/83"}],"wp:attachment":[{"href":"http:\/\/zonade3.com.ar\/blog\/wp-json\/wp\/v2\/media?parent=5160"}],"wp:term":[{"taxonomy":"category","embeddable":true,"href":"http:\/\/zonade3.com.ar\/blog\/wp-json\/wp\/v2\/categories?post=5160"},{"taxonomy":"post_tag","embeddable":true,"href":"http:\/\/zonade3.com.ar\/blog\/wp-json\/wp\/v2\/tags?post=5160"}],"curies":[{"name":"wp","href":"https:\/\/api.w.org\/{rel}","templated":true}]}}