{"id":5166,"date":"2018-08-29T18:32:13","date_gmt":"2018-08-29T18:32:13","guid":{"rendered":"http:\/\/zonade3.com.ar.ar\/blog\/?p=5166"},"modified":"2018-08-29T18:32:13","modified_gmt":"2018-08-29T18:32:13","slug":"liga-argentina-vittar-sigue-en-central","status":"publish","type":"post","link":"http:\/\/zonade3.com.ar\/blog\/liga-argentina-vittar-sigue-en-central\/","title":{"rendered":"Liga Argentina: Vittar sigue en Central"},"content":{"rendered":"<p>El base santiague\u00f1o renov\u00f3 su v\u00ednculo contractual con Central Argentino Ol\u00edmpico y continuar\u00e1 vistiendo la casaca \u201caurinegra\u201d por una temporada m\u00e1s.<br \/>\nUn dirigente del Club Central Argentino Ol\u00edmpico se lo confirm\u00f3 a\u00a0los colegas de La Red del Deporte Radio y de esta manera, el tecnico Enrique Lancellotti va cerrando la plantilla antes del inicio de la pretemporada\u00a0de cara a la Liga Argentina.<br \/>\n\u201cEstoy muy contento de poder continuar jugando en Central, siempre me trataron muy bien y espero estar a la altura de las exigencias\u201d, expres\u00f3 el jugador.<br \/>\nFuente: Adrian Tavella<\/p>\n","protected":false},"excerpt":{"rendered":"<p>El base santiague\u00f1o renov\u00f3 su v\u00ednculo contractual con Central Argentino Ol\u00edmpico y continuar\u00e1 vistiendo la casaca \u201caurinegra\u201d por<\/p>\n","protected":false},"author":2,"featured_media":3049,"comment_status":"open","ping_status":"open","sticky":false,"template":"","format":"standard","meta":{"footnotes":""},"categories":[1],"tags":[],"class_list":["post-5166","post","type-post","status-publish","format-standard","has-post-thumbnail","hentry","category-sin-categoria"],"_links":{"self":[{"href":"http:\/\/zonade3.com.ar\/blog\/wp-json\/wp\/v2\/posts\/5166","targetHints":{"allow":["GET"]}}],"collection":[{"href":"http:\/\/zonade3.com.ar\/blog\/wp-json\/wp\/v2\/posts"}],"about":[{"href":"http:\/\/zonade3.com.ar\/blog\/wp-json\/wp\/v2\/types\/post"}],"author":[{"embeddable":true,"href":"http:\/\/zonade3.com.ar\/blog\/wp-json\/wp\/v2\/users\/2"}],"replies":[{"embeddable":true,"href":"http:\/\/zonade3.com.ar\/blog\/wp-json\/wp\/v2\/comments?post=5166"}],"version-history":[{"count":1,"href":"http:\/\/zonade3.com.ar\/blog\/wp-json\/wp\/v2\/posts\/5166\/revisions"}],"predecessor-version":[{"id":5167,"href":"http:\/\/zonade3.com.ar\/blog\/wp-json\/wp\/v2\/posts\/5166\/revisions\/5167"}],"wp:featuredmedia":[{"embeddable":true,"href":"http:\/\/zonade3.com.ar\/blog\/wp-json\/wp\/v2\/media\/3049"}],"wp:attachment":[{"href":"http:\/\/zonade3.com.ar\/blog\/wp-json\/wp\/v2\/media?parent=5166"}],"wp:term":[{"taxonomy":"category","embeddable":true,"href":"http:\/\/zonade3.com.ar\/blog\/wp-json\/wp\/v2\/categories?post=5166"},{"taxonomy":"post_tag","embeddable":true,"href":"http:\/\/zonade3.com.ar\/blog\/wp-json\/wp\/v2\/tags?post=5166"}],"curies":[{"name":"wp","href":"https:\/\/api.w.org\/{rel}","templated":true}]}}