{"id":5212,"date":"2018-09-09T04:10:59","date_gmt":"2018-09-09T04:10:59","guid":{"rendered":"http:\/\/zonade3.com.ar.ar\/blog\/?p=5212"},"modified":"2018-09-10T02:40:26","modified_gmt":"2018-09-10T02:40:26","slug":"super-9-tiro-federal-cayo-en-el-debut","status":"publish","type":"post","link":"http:\/\/zonade3.com.ar\/blog\/super-9-tiro-federal-cayo-en-el-debut\/","title":{"rendered":"Super 9: Instituto logr\u00f3 un triunfo claro ante Parque y grit\u00f3 campe\u00f3n"},"content":{"rendered":"<p>Con solvencia, Instituto venci\u00f3 a Barrio Parque y otra vez conquist\u00f3 el torneo solidario y de pretemporada. La Gloria mostr\u00f3 sus credenciales en una temporada que asoma intensa y apasionante y volvi\u00f3 a gritar campe\u00f3n del S\u00faper 9 Solidario del b\u00e1squet cordob\u00e9s.<br \/>\nCon mucha solvencia, el equipo conducido por Facundo M\u00fcller super\u00f3 a Barrio Parque por 94a 58 y repiti\u00f3 el t\u00edtulo del a\u00f1o pasado.<br \/>\nEl elenco de Alta C\u00f3rdoba se prepara para la triple competencia que asumir\u00e1 esta campa\u00f1a: el S\u00faper 20, la Liga Nacional y la Liga Sudamericana.<br \/>\nLos Albirrojos contaron con Leando Garc\u00eda Morales como la figura destacada para encaminar la victoria ante el \u00abVerde del Sur\u00bb. El goleador uruguayo empieza a hacer olvidar al carism\u00e1tico Dwayne Davis, el mejor anotador de la temporada pasada, y sobresali\u00f3 con 20 puntos (4\/4 en triples y 3\/3 en dobles), m\u00e1s 4 rebotes y 4 asistencias.<br \/>\nMientras que Luciano Gonz\u00e1lez, convocado a la selecci\u00f3n nacional para disputar las Eliminatorias, aport\u00f3 17 tantos, mientras que Facundo Pi\u00f1ero se sum\u00f3 con 12 tantos.<br \/>\nBarrio Parque, que se prepara para afrontar una nueva temporada en la Liga Argentina, ex TNA, nunca pudo frenar al poder\u00edo de Instituto, y tuvo a Juan Kelly como su mejor hombre con 17 puntos.<br \/>\n<strong>Mientras que Atenas se qued\u00f3 con el tercer puesto al vencer a San Isidro de San Francisco por 83-75.<\/strong> El S\u00faper 9 Solidario lo disputaron los equipos que competir\u00e1n a nivel nacional.<br \/>\nFuente\/Foto: MundoD<\/p>\n","protected":false},"excerpt":{"rendered":"<p>Con solvencia, Instituto venci\u00f3 a Barrio Parque y otra vez conquist\u00f3 el torneo solidario y de pretemporada. La<\/p>\n","protected":false},"author":2,"featured_media":5243,"comment_status":"open","ping_status":"open","sticky":false,"template":"","format":"standard","meta":{"footnotes":""},"categories":[1],"tags":[],"class_list":["post-5212","post","type-post","status-publish","format-standard","has-post-thumbnail","hentry","category-sin-categoria"],"_links":{"self":[{"href":"http:\/\/zonade3.com.ar\/blog\/wp-json\/wp\/v2\/posts\/5212","targetHints":{"allow":["GET"]}}],"collection":[{"href":"http:\/\/zonade3.com.ar\/blog\/wp-json\/wp\/v2\/posts"}],"about":[{"href":"http:\/\/zonade3.com.ar\/blog\/wp-json\/wp\/v2\/types\/post"}],"author":[{"embeddable":true,"href":"http:\/\/zonade3.com.ar\/blog\/wp-json\/wp\/v2\/users\/2"}],"replies":[{"embeddable":true,"href":"http:\/\/zonade3.com.ar\/blog\/wp-json\/wp\/v2\/comments?post=5212"}],"version-history":[{"count":6,"href":"http:\/\/zonade3.com.ar\/blog\/wp-json\/wp\/v2\/posts\/5212\/revisions"}],"predecessor-version":[{"id":5245,"href":"http:\/\/zonade3.com.ar\/blog\/wp-json\/wp\/v2\/posts\/5212\/revisions\/5245"}],"wp:featuredmedia":[{"embeddable":true,"href":"http:\/\/zonade3.com.ar\/blog\/wp-json\/wp\/v2\/media\/5243"}],"wp:attachment":[{"href":"http:\/\/zonade3.com.ar\/blog\/wp-json\/wp\/v2\/media?parent=5212"}],"wp:term":[{"taxonomy":"category","embeddable":true,"href":"http:\/\/zonade3.com.ar\/blog\/wp-json\/wp\/v2\/categories?post=5212"},{"taxonomy":"post_tag","embeddable":true,"href":"http:\/\/zonade3.com.ar\/blog\/wp-json\/wp\/v2\/tags?post=5212"}],"curies":[{"name":"wp","href":"https:\/\/api.w.org\/{rel}","templated":true}]}}