{"id":5283,"date":"2018-09-14T03:47:18","date_gmt":"2018-09-14T03:47:18","guid":{"rendered":"http:\/\/zonade3.com.ar.ar\/blog\/?p=5283"},"modified":"2018-09-14T03:47:18","modified_gmt":"2018-09-14T03:47:18","slug":"liga-argentina-central-de-ceres-sigue-sumando-entrenamientos-de-cara-al-debut","status":"publish","type":"post","link":"http:\/\/zonade3.com.ar\/blog\/liga-argentina-central-de-ceres-sigue-sumando-entrenamientos-de-cara-al-debut\/","title":{"rendered":"Liga Argentina: Central de Ceres sigue sumando entrenamientos de cara al debut"},"content":{"rendered":"<p>El plantel \u00abaurinegro\u00bb y en la cuenta regresiva hacia el debut en la competencia nacional, desarrolla su pretemporada sin detenimientos.<br \/>\nTareas f\u00edsicas, a cargo del Prof. Juan Bracamonte, trabajos t\u00e1cticos y fundamentos, bajo la mirada de Lancellotti y Trogolo, componen la doble jornada diaria del plantel.<br \/>\nA la espera del arribo de Albert Jackson, quien se sumar\u00eda en los pr\u00f3ximos d\u00edas, el resto transita su segunda semana de preparaci\u00f3n.<br \/>\nLa Liga Argentina comenzar\u00e1, entre el 20 y 22 de octubre, el equipo ceresino formar\u00e1 parte de la Zona Norte conjuntamente con Independiente de Santiago del Estero, Villa San Mart\u00edn e Hind\u00fa de Resistencia, Salta Basket y Ober\u00e1 de Misiones.<br \/>\nFuente\/Foto: Adrian Tavella<\/p>\n","protected":false},"excerpt":{"rendered":"<p>El plantel \u00abaurinegro\u00bb y en la cuenta regresiva hacia el debut en la competencia nacional, desarrolla su pretemporada<\/p>\n","protected":false},"author":2,"featured_media":5284,"comment_status":"open","ping_status":"open","sticky":false,"template":"","format":"standard","meta":{"footnotes":""},"categories":[1],"tags":[],"class_list":["post-5283","post","type-post","status-publish","format-standard","has-post-thumbnail","hentry","category-sin-categoria"],"_links":{"self":[{"href":"http:\/\/zonade3.com.ar\/blog\/wp-json\/wp\/v2\/posts\/5283","targetHints":{"allow":["GET"]}}],"collection":[{"href":"http:\/\/zonade3.com.ar\/blog\/wp-json\/wp\/v2\/posts"}],"about":[{"href":"http:\/\/zonade3.com.ar\/blog\/wp-json\/wp\/v2\/types\/post"}],"author":[{"embeddable":true,"href":"http:\/\/zonade3.com.ar\/blog\/wp-json\/wp\/v2\/users\/2"}],"replies":[{"embeddable":true,"href":"http:\/\/zonade3.com.ar\/blog\/wp-json\/wp\/v2\/comments?post=5283"}],"version-history":[{"count":1,"href":"http:\/\/zonade3.com.ar\/blog\/wp-json\/wp\/v2\/posts\/5283\/revisions"}],"predecessor-version":[{"id":5285,"href":"http:\/\/zonade3.com.ar\/blog\/wp-json\/wp\/v2\/posts\/5283\/revisions\/5285"}],"wp:featuredmedia":[{"embeddable":true,"href":"http:\/\/zonade3.com.ar\/blog\/wp-json\/wp\/v2\/media\/5284"}],"wp:attachment":[{"href":"http:\/\/zonade3.com.ar\/blog\/wp-json\/wp\/v2\/media?parent=5283"}],"wp:term":[{"taxonomy":"category","embeddable":true,"href":"http:\/\/zonade3.com.ar\/blog\/wp-json\/wp\/v2\/categories?post=5283"},{"taxonomy":"post_tag","embeddable":true,"href":"http:\/\/zonade3.com.ar\/blog\/wp-json\/wp\/v2\/tags?post=5283"}],"curies":[{"name":"wp","href":"https:\/\/api.w.org\/{rel}","templated":true}]}}