{"id":5321,"date":"2018-09-18T03:26:07","date_gmt":"2018-09-18T03:26:07","guid":{"rendered":"http:\/\/zonade3.com.ar.ar\/blog\/?p=5321"},"modified":"2018-09-18T12:41:02","modified_gmt":"2018-09-18T12:41:02","slug":"la-asoc-noroeste-inauguro-su-albergue-deportivo","status":"publish","type":"post","link":"http:\/\/zonade3.com.ar\/blog\/la-asoc-noroeste-inauguro-su-albergue-deportivo\/","title":{"rendered":"La Asoc. Noroeste inaugur\u00f3 su albergue deportivo"},"content":{"rendered":"<p>En la noche del lunes, la Asoc. Noroeste inaugur\u00f3 su Albergue Deportivo de unas 16 plazas en la ciudad de Ceres, con sanitarios, aire acondicionado, desayunador y espacio de cocina, plegado a la sede administrativa de la entidad.<br \/>\nLas instalaciones, que ofrecen comodidad y confort a los que all\u00ed se hospeden, ser\u00e1n un elemento clave para las actividades deportivas de la Asoc. como as\u00ed tambi\u00e9n de mucha utilidad para los diferentes eventos que se puedan organizar en Ceres y zona.<br \/>\nEl acto cont\u00f3 con la presencia de las autoridades de la Asoc. encabezadas por su presidente, Mario Lopez, el senador Felipe Michlig, el diputado Edgardo Martino, el intendente local, Camilo Busquet y dem\u00e1s intendentes y presidentes comunales de la regi\u00f3n como as\u00ed tambi\u00e9n dirigentes deportivos. Adem\u00e1s, se hizo presente en el acto el tesorero de<a href=\"http:\/\/zonade3.com.ar.ar\/blog\/wp-content\/uploads\/2018\/09\/albergue-autoridades.jpg\"><img loading=\"lazy\" decoding=\"async\" class=\"size-medium wp-image-5323 alignright\" src=\"http:\/\/zonade3.com.ar.ar\/blog\/wp-content\/uploads\/2018\/09\/albergue-autoridades-300x169.jpg\" alt=\"\" width=\"300\" height=\"169\" srcset=\"http:\/\/zonade3.com.ar\/blog\/wp-content\/uploads\/2018\/09\/albergue-autoridades-300x169.jpg 300w, http:\/\/zonade3.com.ar\/blog\/wp-content\/uploads\/2018\/09\/albergue-autoridades.jpg 640w\" sizes=\"auto, (max-width: 300px) 100vw, 300px\" \/><\/a> la Federaci\u00f3n de Basquetbol de la Provincia, Arnaldo Barberis.<br \/>\nEn su alocuci\u00f3n, Mario Lopez sostuvo que \u00abhoy es un d\u00eda especial para nosotros porque inauguramos algo que nos hab\u00edamos propuesto como uno de los importantes objetivos a cumplir\u00bb. Remarc\u00f3 la importancia de tener este espacio para los entrenamientos de las Selecciones asociativas (femeninas y masculinas) y adem\u00e1s porque Ceres es un punto equidistante ideal para realizar las concentraciones.<br \/>\nLopez agradeci\u00f3 a la Municipalidad de Ceres por la infraestructura y los materiales, al senador Felipe Michlig por sus aportes, a las municipalidades de Suardi y San Guillermo y los clubes integrantes.<br \/>\nLuego tomaron la palabra Camilo Busquets y el senador Michlig. Por ultimo, se dirigi\u00f3 a los presentes el dirigente federativo Arnaldo Barberis que felicit\u00f3 a Mario Lopez y el consejo directivo de la Noroeste. \u00abEs un orgullo para la Federaci\u00f3n y fue una de las mejores decisiones que tom\u00f3 en los \u00faltimos tiempos; fue un acierto crear la 8va. asociaci\u00f3n\u00bb agreg\u00f3, al tiempo que resalt\u00f3 sus logros deportivos y dirigenciales.<\/p>\n","protected":false},"excerpt":{"rendered":"<p>En la noche del lunes, la Asoc. Noroeste inaugur\u00f3 su Albergue Deportivo de unas 16 plazas en la<\/p>\n","protected":false},"author":2,"featured_media":5322,"comment_status":"open","ping_status":"open","sticky":false,"template":"","format":"standard","meta":{"footnotes":""},"categories":[1],"tags":[],"class_list":["post-5321","post","type-post","status-publish","format-standard","has-post-thumbnail","hentry","category-sin-categoria"],"_links":{"self":[{"href":"http:\/\/zonade3.com.ar\/blog\/wp-json\/wp\/v2\/posts\/5321","targetHints":{"allow":["GET"]}}],"collection":[{"href":"http:\/\/zonade3.com.ar\/blog\/wp-json\/wp\/v2\/posts"}],"about":[{"href":"http:\/\/zonade3.com.ar\/blog\/wp-json\/wp\/v2\/types\/post"}],"author":[{"embeddable":true,"href":"http:\/\/zonade3.com.ar\/blog\/wp-json\/wp\/v2\/users\/2"}],"replies":[{"embeddable":true,"href":"http:\/\/zonade3.com.ar\/blog\/wp-json\/wp\/v2\/comments?post=5321"}],"version-history":[{"count":3,"href":"http:\/\/zonade3.com.ar\/blog\/wp-json\/wp\/v2\/posts\/5321\/revisions"}],"predecessor-version":[{"id":5326,"href":"http:\/\/zonade3.com.ar\/blog\/wp-json\/wp\/v2\/posts\/5321\/revisions\/5326"}],"wp:featuredmedia":[{"embeddable":true,"href":"http:\/\/zonade3.com.ar\/blog\/wp-json\/wp\/v2\/media\/5322"}],"wp:attachment":[{"href":"http:\/\/zonade3.com.ar\/blog\/wp-json\/wp\/v2\/media?parent=5321"}],"wp:term":[{"taxonomy":"category","embeddable":true,"href":"http:\/\/zonade3.com.ar\/blog\/wp-json\/wp\/v2\/categories?post=5321"},{"taxonomy":"post_tag","embeddable":true,"href":"http:\/\/zonade3.com.ar\/blog\/wp-json\/wp\/v2\/tags?post=5321"}],"curies":[{"name":"wp","href":"https:\/\/api.w.org\/{rel}","templated":true}]}}