{"id":5335,"date":"2018-09-20T03:29:15","date_gmt":"2018-09-20T03:29:15","guid":{"rendered":"http:\/\/zonade3.com.ar.ar\/blog\/?p=5335"},"modified":"2018-09-20T03:29:15","modified_gmt":"2018-09-20T03:29:15","slug":"sportivo-y-tiro-federal-jugaron-un-amistoso-con-vistas-a-las-competencias-nacionales","status":"publish","type":"post","link":"http:\/\/zonade3.com.ar\/blog\/sportivo-y-tiro-federal-jugaron-un-amistoso-con-vistas-a-las-competencias-nacionales\/","title":{"rendered":"Sportivo y Tiro Federal jugaron un amistoso con vistas a las competencias nacionales"},"content":{"rendered":"<p>En partido amistoso, Club Sportivo Suardi, que se prepara para el Torneo Federal, enfrent\u00f3 a Tiro Federal de Morteros que lo hace para la Liga Argentina.<br \/>\nFue el primer amistoso de los dirigidos por Andr\u00e9s Poi con el equipo que jugar\u00e1 la tercera categor\u00eda. En tanto, Tiro ya ven\u00eda de disputar el Super 9 Solidario por lo que ya suma un buen numero de amistosos en esta pretemporada.<br \/>\nFue un entrenamiento de ambas escuadras que jugaron 4 cuartos de 10 minutos de manera corrida, con un anecd\u00f3tico final de 86-84 en favor de Sportivo Suardi.<br \/>\nLos refuerzos del rojiblanco Cadillac, Gomez Quintero y Peralta realizaron as\u00ed su primer juego de pretemporada. La mala noticia para los de Suardi fue la lesi\u00f3n en el tobillo izquierdo de Agust\u00edn Pautasso que por estas horas se someter\u00e1 a estudios para determinar el grado de la lesi\u00f3n y su posterior recuperaci\u00f3n. Cabe acotar que de esta manera, Sportivo pierde un jugador importante tambi\u00e9n en el marco asociativo. Adem\u00e1s, el juvenil Sebasti\u00e1n Braida tampoco jug\u00f3 por su lesi\u00f3n sufrida en el partido ante Libertad de Villa Trinidad.<br \/>\nPor \u00faltimo se realiz\u00f3 un cuarto mas donde jugaron los mas jovenes de ambos bandos finalizando 17-15 en favor de Tiro Federal.<br \/>\nFuente consultada\/Foto: Prensa Sportivo Suardi<\/p>\n","protected":false},"excerpt":{"rendered":"<p>En partido amistoso, Club Sportivo Suardi, que se prepara para el Torneo Federal, enfrent\u00f3 a Tiro Federal de<\/p>\n","protected":false},"author":2,"featured_media":5336,"comment_status":"open","ping_status":"open","sticky":false,"template":"","format":"standard","meta":{"footnotes":""},"categories":[1],"tags":[],"class_list":["post-5335","post","type-post","status-publish","format-standard","has-post-thumbnail","hentry","category-sin-categoria"],"_links":{"self":[{"href":"http:\/\/zonade3.com.ar\/blog\/wp-json\/wp\/v2\/posts\/5335","targetHints":{"allow":["GET"]}}],"collection":[{"href":"http:\/\/zonade3.com.ar\/blog\/wp-json\/wp\/v2\/posts"}],"about":[{"href":"http:\/\/zonade3.com.ar\/blog\/wp-json\/wp\/v2\/types\/post"}],"author":[{"embeddable":true,"href":"http:\/\/zonade3.com.ar\/blog\/wp-json\/wp\/v2\/users\/2"}],"replies":[{"embeddable":true,"href":"http:\/\/zonade3.com.ar\/blog\/wp-json\/wp\/v2\/comments?post=5335"}],"version-history":[{"count":1,"href":"http:\/\/zonade3.com.ar\/blog\/wp-json\/wp\/v2\/posts\/5335\/revisions"}],"predecessor-version":[{"id":5337,"href":"http:\/\/zonade3.com.ar\/blog\/wp-json\/wp\/v2\/posts\/5335\/revisions\/5337"}],"wp:featuredmedia":[{"embeddable":true,"href":"http:\/\/zonade3.com.ar\/blog\/wp-json\/wp\/v2\/media\/5336"}],"wp:attachment":[{"href":"http:\/\/zonade3.com.ar\/blog\/wp-json\/wp\/v2\/media?parent=5335"}],"wp:term":[{"taxonomy":"category","embeddable":true,"href":"http:\/\/zonade3.com.ar\/blog\/wp-json\/wp\/v2\/categories?post=5335"},{"taxonomy":"post_tag","embeddable":true,"href":"http:\/\/zonade3.com.ar\/blog\/wp-json\/wp\/v2\/tags?post=5335"}],"curies":[{"name":"wp","href":"https:\/\/api.w.org\/{rel}","templated":true}]}}