{"id":5338,"date":"2018-09-22T03:42:56","date_gmt":"2018-09-22T03:42:56","guid":{"rendered":"http:\/\/zonade3.com.ar.ar\/blog\/?p=5338"},"modified":"2018-09-22T12:49:11","modified_gmt":"2018-09-22T12:49:11","slug":"interasociativo-se-abrio-la-7ma-con-victoria-celeste","status":"publish","type":"post","link":"http:\/\/zonade3.com.ar\/blog\/interasociativo-se-abrio-la-7ma-con-victoria-celeste\/","title":{"rendered":"Interasociativo: claro triunfo de San Jorge en el cl\u00e1sico de Brinkmann"},"content":{"rendered":"<p>La noche del viernes ofreci\u00f3 un c\u00f3modo triunfo del equipo de Gustavo Boretti en el Cl\u00e1sico de la ciudad de Brinkmann por el Torneo Interasociativo de B\u00e1squetbol. 9 de Freyre se anot\u00f3 otra victoria.<br \/>\nPor la 7ma. fecha, San Jorge le gan\u00f3 a Centro Social 82 a 55 con 18 puntos de Franco Scaraffia, como goleador del partido, mientras que Giacosa con 14 fue el goleador del \u00abrojinegro\u00bb.<br \/>\nEl derby tuvo estos parciales fueron: 24\/10 \u2013 38\/21 \u2013 57\/41 \u2013 82\/55.<br \/>\nRecordemos que el jueves, 9 de Julio de Morteros recibi\u00f3 a Sociedad Sportiva Devoto. Tanto en U17 como en Primera Divisi\u00f3n fueron sendos triunfos de los morterenses.<br \/>\nEn la categor\u00eda formativa triunf\u00f3 el \u00abceleste\u00bb 84 a 25 mientras que en Primera Divisi\u00f3n fue por 72 a 52. 9 de Julio de Morteros sigue bien al tope de la tabla de valores.<br \/>\nLos resultados:<br \/>\nMi\u00e9rcoles<br \/>\n9 de Morteros 72 \u2013 52 Soc. Sportiva Devoto<br \/>\nViernes<br \/>\nSan Jorge (Brinkmann) 82-55 Centro Social (Brinkmann)<br \/>\nEl Ceibo (San Francisco) 74-108 9 de Julio Ol\u00edmpico (Freyre)<br \/>\nMi\u00e9rcoles 26<br \/>\nAlmafuerte Las Varillas vs Porte\u00f1a Asociaci\u00f3n<br \/>\nEl Tala (San Francisco) vs Dep. y Cultural Arroyito<br \/>\nSan Isidro (San Francisco) vs Tiro Federal (Morteros)<br \/>\n<strong>Posiciones:<\/strong> Nueve de Morteros y Nueve de Freyre 14; San Jorge 12, Centro Social 11, Porte\u00f1a y Devoto 10; Tiro y El Ceibo 9, El Tala 8, Almafuerte y San Isidro 7, Cultural de Arroyito 6.<br \/>\nFoto: La Radio 102.9<\/p>\n","protected":false},"excerpt":{"rendered":"<p>La noche del viernes ofreci\u00f3 un c\u00f3modo triunfo del equipo de Gustavo Boretti en el Cl\u00e1sico de la<\/p>\n","protected":false},"author":2,"featured_media":5351,"comment_status":"open","ping_status":"open","sticky":false,"template":"","format":"standard","meta":{"footnotes":""},"categories":[1],"tags":[],"class_list":["post-5338","post","type-post","status-publish","format-standard","has-post-thumbnail","hentry","category-sin-categoria"],"_links":{"self":[{"href":"http:\/\/zonade3.com.ar\/blog\/wp-json\/wp\/v2\/posts\/5338","targetHints":{"allow":["GET"]}}],"collection":[{"href":"http:\/\/zonade3.com.ar\/blog\/wp-json\/wp\/v2\/posts"}],"about":[{"href":"http:\/\/zonade3.com.ar\/blog\/wp-json\/wp\/v2\/types\/post"}],"author":[{"embeddable":true,"href":"http:\/\/zonade3.com.ar\/blog\/wp-json\/wp\/v2\/users\/2"}],"replies":[{"embeddable":true,"href":"http:\/\/zonade3.com.ar\/blog\/wp-json\/wp\/v2\/comments?post=5338"}],"version-history":[{"count":5,"href":"http:\/\/zonade3.com.ar\/blog\/wp-json\/wp\/v2\/posts\/5338\/revisions"}],"predecessor-version":[{"id":5356,"href":"http:\/\/zonade3.com.ar\/blog\/wp-json\/wp\/v2\/posts\/5338\/revisions\/5356"}],"wp:featuredmedia":[{"embeddable":true,"href":"http:\/\/zonade3.com.ar\/blog\/wp-json\/wp\/v2\/media\/5351"}],"wp:attachment":[{"href":"http:\/\/zonade3.com.ar\/blog\/wp-json\/wp\/v2\/media?parent=5338"}],"wp:term":[{"taxonomy":"category","embeddable":true,"href":"http:\/\/zonade3.com.ar\/blog\/wp-json\/wp\/v2\/categories?post=5338"},{"taxonomy":"post_tag","embeddable":true,"href":"http:\/\/zonade3.com.ar\/blog\/wp-json\/wp\/v2\/tags?post=5338"}],"curies":[{"name":"wp","href":"https:\/\/api.w.org\/{rel}","templated":true}]}}