{"id":5340,"date":"2018-09-20T03:49:27","date_gmt":"2018-09-20T03:49:27","guid":{"rendered":"http:\/\/zonade3.com.ar.ar\/blog\/?p=5340"},"modified":"2018-09-20T03:49:27","modified_gmt":"2018-09-20T03:49:27","slug":"la-liga-provincial-copa-santa-fe-logra-apoyo-gubernamental","status":"publish","type":"post","link":"http:\/\/zonade3.com.ar\/blog\/la-liga-provincial-copa-santa-fe-logra-apoyo-gubernamental\/","title":{"rendered":"La Liga Provincial Copa Santa Fe logra apoyo gubernamental"},"content":{"rendered":"<p>En la Presidencia del Bloque de Senadores del FPCyS, su Presidente, Felipe Michlig y el Ministro de Desarrollo Social, Jorge \u00c1lvarez, recibieron a directivos de la Federaci\u00f3n de B\u00e1squet de la Provincia de Santa Fe, con motivo de la organizaci\u00f3n de una pr\u00f3xima edici\u00f3n de la exitosa competencia provincial denominada Copa Santa Fe.<br \/>\nParticiparon de la reuni\u00f3n con el Ministro y el Senador, el Vicepresidente de la Federaci\u00f3n Pablo Fabrissin, el Tesorero, Arnaldo Barberis; el Pte. de la Asociaci\u00f3n del Noroeste y miembro de la Federaci\u00f3n, Mario L\u00f3pez; el Director Pcial. de Deportes Federados, Daniel Bozikovich, los funcionarios Mauricio Maerovich y Diego Maciel.<br \/>\nEl Senador Michlig expres\u00f3: \u201cFue una reuni\u00f3n muy positiva en la que pudimos evaluar la importancia de la Copa Santa Fe, que ha sido un enorme logro del Gobernador Lifschitz, el Ministro \u00c1lvarez y todo el equipo de Deportes de la Provincia, que junto con todos los dirigentes de la Federaci\u00f3n vienen trabajando para el crecimiento de la competencia\u201d.<br \/>\n\u201cEn mi caso, traslad\u00e9 el inter\u00e9s para que el lanzamiento de la 3\u00b0 edici\u00f3n de la Copa Santa Fe de B\u00e1squet -prevista para el 15 de noviembre-, se pueda realizar en el departamento San Crist\u00f3bal, ya que tenemos ah\u00ed la novel Asociaci\u00f3n de B\u00e1squet del Noroeste que viene trabajando muy bien y con excelentes logros deportivos\u201d.<br \/>\nEl Ministro \u00c1lvarez destac\u00f3 que \u201cla Copa Santa Fe primero empez\u00f3 con la disciplina del f\u00fatbol, luego con el b\u00e1squet, seguimos con el hockey y este a\u00f1o con la de v\u00f3ley. Este torneo permite que clubes de todos los lugares de la provincia puedan participar en una competencia provincial, con el aporte que hace el gobierno, a trav\u00e9s de Loter\u00eda de la Provincia\u201d.<br \/>\n\u201cSanta Fe, es la \u00fanica provincia que desarrolla este tipo de competencia, con excelentes resultados, a partir del decidido impulso estatal, lo que nos permite integrarnos a trav\u00e9s del deporte. A esto debemos destacar las competencia de \u2018Santa Fe Juega\u2019 y el \u2018Mundial de B\u00e1squet de U17\u2019 que se jug\u00f3 recientemente en nuestra Provincia\u201d.<br \/>\nPor su parte Bozikovich agreg\u00f3 que \u201cen el caso de la Copa Santa Fe de B\u00e1squet, primero participaron 24 equipos y luego se ampli\u00f3 a 28 clubes. Desde la Direcci\u00f3n Provincial de Deporte, somos el nexo con la Federaci\u00f3n, hacemos la distribuci\u00f3n y el seguimiento de los apoyos econ\u00f3micos que a su vez debe favorecer a las divisiones formativas de los clubes federados\u201d.<br \/>\nFinalmente el dirigente de la Federaci\u00f3n, Arnaldo Barberis afirm\u00f3 que \u201cla Copa Santa Fe ya es todo un \u00e9xito, estamos ultimando detalles para la 3\u00b0 edici\u00f3n, viendo si se puede ampliar el cupo a 32 participantes por el entusiasmo que gener\u00f3 esta competencia. Esto es un ejemplo a nivel nacional, a nivel nacional todos se admiran por el desarrollo de este torneo. Estamos muy agradecidos con el Gobernador Lifschitz, con todo su equipo, que apostaron a esto y al crecimiento del b\u00e1squet, igual al Senador Michlig que trabaja para el bien del deporte, como por ejemplo con el albergue de b\u00e1squet recientemente inaugurado en Ceres\u201d.<br \/>\nFuente: CeresCiudad<\/p>\n","protected":false},"excerpt":{"rendered":"<p>En la Presidencia del Bloque de Senadores del FPCyS, su Presidente, Felipe Michlig y el Ministro de Desarrollo<\/p>\n","protected":false},"author":2,"featured_media":5341,"comment_status":"open","ping_status":"open","sticky":false,"template":"","format":"standard","meta":{"footnotes":""},"categories":[1],"tags":[],"class_list":["post-5340","post","type-post","status-publish","format-standard","has-post-thumbnail","hentry","category-sin-categoria"],"_links":{"self":[{"href":"http:\/\/zonade3.com.ar\/blog\/wp-json\/wp\/v2\/posts\/5340","targetHints":{"allow":["GET"]}}],"collection":[{"href":"http:\/\/zonade3.com.ar\/blog\/wp-json\/wp\/v2\/posts"}],"about":[{"href":"http:\/\/zonade3.com.ar\/blog\/wp-json\/wp\/v2\/types\/post"}],"author":[{"embeddable":true,"href":"http:\/\/zonade3.com.ar\/blog\/wp-json\/wp\/v2\/users\/2"}],"replies":[{"embeddable":true,"href":"http:\/\/zonade3.com.ar\/blog\/wp-json\/wp\/v2\/comments?post=5340"}],"version-history":[{"count":1,"href":"http:\/\/zonade3.com.ar\/blog\/wp-json\/wp\/v2\/posts\/5340\/revisions"}],"predecessor-version":[{"id":5342,"href":"http:\/\/zonade3.com.ar\/blog\/wp-json\/wp\/v2\/posts\/5340\/revisions\/5342"}],"wp:featuredmedia":[{"embeddable":true,"href":"http:\/\/zonade3.com.ar\/blog\/wp-json\/wp\/v2\/media\/5341"}],"wp:attachment":[{"href":"http:\/\/zonade3.com.ar\/blog\/wp-json\/wp\/v2\/media?parent=5340"}],"wp:term":[{"taxonomy":"category","embeddable":true,"href":"http:\/\/zonade3.com.ar\/blog\/wp-json\/wp\/v2\/categories?post=5340"},{"taxonomy":"post_tag","embeddable":true,"href":"http:\/\/zonade3.com.ar\/blog\/wp-json\/wp\/v2\/tags?post=5340"}],"curies":[{"name":"wp","href":"https:\/\/api.w.org\/{rel}","templated":true}]}}