{"id":5359,"date":"2018-09-24T03:35:07","date_gmt":"2018-09-24T03:35:07","guid":{"rendered":"http:\/\/zonade3.com.ar.ar\/blog\/?p=5359"},"modified":"2018-09-24T03:35:07","modified_gmt":"2018-09-24T03:35:07","slug":"exitosa-clinica-eneba-en-rafaela","status":"publish","type":"post","link":"http:\/\/zonade3.com.ar\/blog\/exitosa-clinica-eneba-en-rafaela\/","title":{"rendered":"Exitosa Cl\u00ednica ENEBA en Rafaela"},"content":{"rendered":"<p>En Rafaela se llev\u00f3 a cabo la cl\u00ednica de rev\u00e1lida de Eneba Santa Fe, con masiva presencia de entrenadores de toda la provincia y disertantes de lujo entre los que se destac\u00f3 l\u00f3gicamente la presencia de Rub\u00e9n Magnano como as\u00ed tambi\u00e9n Sebastian Saborido, Daniel Beltramo y el Profe Diego Romera.<br \/>\nFue una exitosa Cl\u00ednica de ENEBA. M\u00e1s de 400 entrenadores santafesinos y de territorios aleda\u00f1os llegaron para capacitarse durante viernes y s\u00e1bado en el Club Atl\u00e9tico de Rafaela, en una propuesta a cargo de la Federaci\u00f3n Santafesina y la Asociaci\u00f3n Rafaelina de B\u00e1squetbol.<br \/>\nRub\u00e9n Magnano, campe\u00f3n ol\u00edmpico con la selecci\u00f3n argentina en Atenas 2004, mostr\u00f3 todo su repertorio de amplios conocimientos y experiencia en ambas jornadas, pero tambi\u00e9n se hizo un espacio para brindar una conferencia de prensa el s\u00e1bado por la ma\u00f1ana. A modo de resumen ofrecemos algunas de sus frases m\u00e1s salientes:<br \/>\n\u2013 La primera impresi\u00f3n, no solamente me ha ocurrido ac\u00e1, sino en diferentes cursos de la Escuela de Entrenadores, es la gran concurrencia. Si bien es algo obligatorio, hay una cosa que recalqu\u00e9 es la gran vocaci\u00f3n de preparaci\u00f3n que tiene el entrenador argentino. La preparaci\u00f3n es algo importante en la formaci\u00f3n de las personas.<br \/>\n\u2013 El entrenador argentino es muy considerado, muy bien visto y tiene que ver con su pasi\u00f3n. De ser vulnerable al aprendizaje. Tomar el b\u00e1squet como un modo de vida.<br \/>\n\u2013 Mi nacimiento en esto es a trav\u00e9s de un profesorado de Educaci\u00f3n F\u00edsica. El docente, el maestro, no lo abandon\u00e9 nunca. Es mi naturaleza. Me siento muy bien asi.<br \/>\n\u2013 Vamos a llegar a un punto que es todo lo que tiene ver con el b\u00e1squet formativo. Hay que ver el tema de la competencia, a veces en algunos lugares se compite mucho mas de lo que se entrena. Debe haber un equilibrio. En otros lugares por contrapartida se juega muy poco.<br \/>\n\u2013 Hay desfasajes que tienen que ver con el medio y lo que estamos hablando. En su mayor\u00eda, estamos en un nivel bueno. Nosotros somos los gestores de que esto mejore. (En referencia al nivel de los juveniles que observa en las Cl\u00ednicas).<br \/>\n\u2013 A mi me preocupa la cantidad de juego por la cantidad de trabajo. Por el calendario, a veces los entrenadores se encuentran atados de manos para poder darle al equipo una evoluci\u00f3n. Mejorar se logra en el trabajo diario para luego llevarlo a los partidos. Y a veces el calendario lo impide.<br \/>\n\u2013 Soy un poco rom\u00e1ntico. Se ha perdido la idea, antes sab\u00eda que mi equipo iba a jugar viernes y domingo, ahora no se sabe. Para una familia es inviable tambi\u00e9n, es triste ver partidos de baloncesto con canchas semivacias. (Sobre la actual Liga Nacional).<br \/>\n\u2013 No me cabe duda que la proporci\u00f3n de ni\u00f1os y j\u00f3venes que empezaron a jugar al b\u00e1squet a partir de ese espejo, de lo que transmiti\u00f3 ese equipo, es altamente positivo. Fue un aluvi\u00f3n de buenas cosas, sucede que muchos estuvimos fuera del pa\u00eds y a t\u00edtulo personal, me esta pasando hoy de estar presente en muchos lados para transmitir un poco de experiencias. (Sobre el aporte de la Generaci\u00f3n Dorada).<br \/>\n\u2013 No me han ofrecido. Ha habido algunas posibilidades de dirigir fuera, pero no he querido. Me he quedado en C\u00f3rdoba vivenciando muchas cosas. Pero estoy preparado para cualquier situaci\u00f3n que se presente, si es conveniente sobre todo en el plano deportivo. (Sobre por qu\u00e9 no dirige actualmente).<br \/>\n\u2013 Curiosamente es un tema sumamente discutible, ligas de desarrollo con muchos extranjeros. No concibo a quien queremos desarrollar, no me cierra mucha la idea. La Liga nuestra es dura, no por lo competitivo en si, sino por la cantidad de partidos, viajes, con plantillas limitadas. (M\u00e1s sobre la Liga Nacional actual).<br \/>\n\u2013 Pens\u00e9 que iba a jugar un a\u00f1o m\u00e1s. Ha masticado muy bien el tema junto a sus seres queridos y con la franquicia. Y tom\u00f3 la mejor decisi\u00f3n, se merece disfrutar cosas de la vida que a veces la vor\u00e1gine impide (Retiro de Manu Gin\u00f3bili).<br \/>\n\u2013 Indudablemente que el que asoma con muchas posibilidades de tomar las riendas para el liderazgo es Facundo Campazzo, adem\u00e1s de ser un excelente jugador de b\u00e1squet. Camina a ser un l\u00edder, se lo ve muy \u00edntegro en un nivel de competencia sublime. (Consultado sobre el futuro l\u00edder de la selecci\u00f3n argentina).<br \/>\n<strong>LOS \u00c1RBITROS TAMBI\u00c9N TUVIERON SU CL\u00cdNICA<\/strong><br \/>\nLos \u00e1rbitros y comisionados t\u00e9cnicos desarrollaron durante este fin de semana su cl\u00ednica anual de revalida, capacitaci\u00f3n y en busca de los nuevos jueces federativos. En esta ocasi\u00f3n los trabajos se desarrollaron en Venado Tuerto y fue r\u00e9cord de jueces y aspirantes, con m\u00e1s de 100 presencias.<br \/>\nFuente: La Opini\u00f3n\/ Prensa FBPSF<\/p>\n","protected":false},"excerpt":{"rendered":"<p>En Rafaela se llev\u00f3 a cabo la cl\u00ednica de rev\u00e1lida de Eneba Santa Fe, con masiva presencia de<\/p>\n","protected":false},"author":2,"featured_media":5360,"comment_status":"open","ping_status":"open","sticky":false,"template":"","format":"standard","meta":{"footnotes":""},"categories":[1],"tags":[],"class_list":["post-5359","post","type-post","status-publish","format-standard","has-post-thumbnail","hentry","category-sin-categoria"],"_links":{"self":[{"href":"http:\/\/zonade3.com.ar\/blog\/wp-json\/wp\/v2\/posts\/5359","targetHints":{"allow":["GET"]}}],"collection":[{"href":"http:\/\/zonade3.com.ar\/blog\/wp-json\/wp\/v2\/posts"}],"about":[{"href":"http:\/\/zonade3.com.ar\/blog\/wp-json\/wp\/v2\/types\/post"}],"author":[{"embeddable":true,"href":"http:\/\/zonade3.com.ar\/blog\/wp-json\/wp\/v2\/users\/2"}],"replies":[{"embeddable":true,"href":"http:\/\/zonade3.com.ar\/blog\/wp-json\/wp\/v2\/comments?post=5359"}],"version-history":[{"count":1,"href":"http:\/\/zonade3.com.ar\/blog\/wp-json\/wp\/v2\/posts\/5359\/revisions"}],"predecessor-version":[{"id":5361,"href":"http:\/\/zonade3.com.ar\/blog\/wp-json\/wp\/v2\/posts\/5359\/revisions\/5361"}],"wp:featuredmedia":[{"embeddable":true,"href":"http:\/\/zonade3.com.ar\/blog\/wp-json\/wp\/v2\/media\/5360"}],"wp:attachment":[{"href":"http:\/\/zonade3.com.ar\/blog\/wp-json\/wp\/v2\/media?parent=5359"}],"wp:term":[{"taxonomy":"category","embeddable":true,"href":"http:\/\/zonade3.com.ar\/blog\/wp-json\/wp\/v2\/categories?post=5359"},{"taxonomy":"post_tag","embeddable":true,"href":"http:\/\/zonade3.com.ar\/blog\/wp-json\/wp\/v2\/tags?post=5359"}],"curies":[{"name":"wp","href":"https:\/\/api.w.org\/{rel}","templated":true}]}}