{"id":5373,"date":"2018-09-26T04:55:59","date_gmt":"2018-09-26T04:55:59","guid":{"rendered":"http:\/\/zonade3.com.ar.ar\/blog\/?p=5373"},"modified":"2018-09-26T04:55:59","modified_gmt":"2018-09-26T04:55:59","slug":"liga-argentina-la-temporada-se-abre-en-santiago-del-estero","status":"publish","type":"post","link":"http:\/\/zonade3.com.ar\/blog\/liga-argentina-la-temporada-se-abre-en-santiago-del-estero\/","title":{"rendered":"Liga Argentina: la temporada se abre en Santiago del Estero"},"content":{"rendered":"<p>La Asociaci\u00f3n de Clubes de B\u00e1squetbol informa que la temporada 2018\/19 de La Liga Argentina comenzar\u00e1 el 17 de octubre, con el juego entre Independiente-Hind\u00fa.<br \/>\nEl departamento de Competencias y la Secretar\u00eda T\u00e9cnica de AdC, junto con el Instituto de C\u00e1lculo de la Facultad de Ciencias Exactas y Naturales de la UBA finalizaron en el armado del fixture de la Primera Fase.<br \/>\nEn cuanto a los equipos de la zona, <strong>Tiro Federal arranca en Rosario con Sportivo Am\u00e9rica, San Isidro con Uni\u00f3n (Sta. Fe) mientras que Central de Ceres lo hace de visita con Independiente.\u00a0<\/strong><br \/>\nEl partido inaugural de la temporada 2018\/19 de La Liga Argentina ser\u00e1 en el Estadio del Club Independiente, el mi\u00e9rcoles 17 de octubre, con el encuentro que jugar\u00e1n Inde BBC vs Hind\u00fa, con transmisi\u00f3n de DEPORTV a partir de las 21.<br \/>\nEl partido inaugural de la temporada de La Liga Argentina ser\u00e1 en Santiago del Estero el pr\u00f3ximo 17 de octubre con el partido que disputar\u00e1n Independiente-Hind\u00fa.<br \/>\nAdelantamos las primeras jornadas:<br \/>\n<strong>NORTE<\/strong><br \/>\n17\/10<br \/>\nINDEPENDIENTE-HIND\u00da<br \/>\n18\/10<br \/>\nOBER\u00c1-VILLA SAN MART\u00cdN<br \/>\n19\/10<br \/>\nSALTA-HIND\u00da<br \/>\nOBER\u00c1-VILLA SAN MART\u00cdN<br \/>\n20\/10<br \/>\nINDEPENDIENTE-CENTRAL (CERES)<\/p>\n<p><strong>CENTRO NORTE<\/strong><br \/>\n18\/10<br \/>\nSAN ISIDRO-UNI\u00d3N<br \/>\n20\/10<br \/>\nSP. AM\u00c9RICA-TIRO FEDERAL<br \/>\n22\/10<br \/>\nBARRIO PARQUE-SAN ISIDRO<br \/>\nDEP. NORTE-TIRO FEDERAL<\/p>\n<p><strong>CENTRO SUR<\/strong><br \/>\n19\/10<br \/>\nLA UNI\u00d3N-PLATENSE<br \/>\nCICLISTA-RACING (CH)<br \/>\n21\/10<br \/>\nROCAMORA-PARQUE SUR<br \/>\n22\/10<br \/>\nESTUDIANTES-CICLISTA<br \/>\n23\/10<br \/>\nLA UNI\u00d3N-GIMNASIA<br \/>\nPLATENSE-RACING (CH)<\/p>\n<p><strong>SUR<\/strong><br \/>\n18\/10<br \/>\nATENAS-DEP. VIEDMA<br \/>\nDEL PROGRESO-CENTRO ESPA\u00d1OL<br \/>\n20\/10<br \/>\nATENAS-RIVADAVIA<br \/>\n21\/10<br \/>\nCENTRO ESPA\u00d1OL-PETROLERO<br \/>\n22\/10<br \/>\nDEP. VIEDMA-RIVADAVIA<\/p>\n","protected":false},"excerpt":{"rendered":"<p>La Asociaci\u00f3n de Clubes de B\u00e1squetbol informa que la temporada 2018\/19 de La Liga Argentina comenzar\u00e1 el 17<\/p>\n","protected":false},"author":2,"featured_media":3049,"comment_status":"open","ping_status":"open","sticky":false,"template":"","format":"standard","meta":{"footnotes":""},"categories":[1],"tags":[],"class_list":["post-5373","post","type-post","status-publish","format-standard","has-post-thumbnail","hentry","category-sin-categoria"],"_links":{"self":[{"href":"http:\/\/zonade3.com.ar\/blog\/wp-json\/wp\/v2\/posts\/5373","targetHints":{"allow":["GET"]}}],"collection":[{"href":"http:\/\/zonade3.com.ar\/blog\/wp-json\/wp\/v2\/posts"}],"about":[{"href":"http:\/\/zonade3.com.ar\/blog\/wp-json\/wp\/v2\/types\/post"}],"author":[{"embeddable":true,"href":"http:\/\/zonade3.com.ar\/blog\/wp-json\/wp\/v2\/users\/2"}],"replies":[{"embeddable":true,"href":"http:\/\/zonade3.com.ar\/blog\/wp-json\/wp\/v2\/comments?post=5373"}],"version-history":[{"count":1,"href":"http:\/\/zonade3.com.ar\/blog\/wp-json\/wp\/v2\/posts\/5373\/revisions"}],"predecessor-version":[{"id":5374,"href":"http:\/\/zonade3.com.ar\/blog\/wp-json\/wp\/v2\/posts\/5373\/revisions\/5374"}],"wp:featuredmedia":[{"embeddable":true,"href":"http:\/\/zonade3.com.ar\/blog\/wp-json\/wp\/v2\/media\/3049"}],"wp:attachment":[{"href":"http:\/\/zonade3.com.ar\/blog\/wp-json\/wp\/v2\/media?parent=5373"}],"wp:term":[{"taxonomy":"category","embeddable":true,"href":"http:\/\/zonade3.com.ar\/blog\/wp-json\/wp\/v2\/categories?post=5373"},{"taxonomy":"post_tag","embeddable":true,"href":"http:\/\/zonade3.com.ar\/blog\/wp-json\/wp\/v2\/tags?post=5373"}],"curies":[{"name":"wp","href":"https:\/\/api.w.org\/{rel}","templated":true}]}}