{"id":5382,"date":"2018-09-27T03:48:50","date_gmt":"2018-09-27T03:48:50","guid":{"rendered":"http:\/\/zonade3.com.ar.ar\/blog\/?p=5382"},"modified":"2018-09-27T04:08:40","modified_gmt":"2018-09-27T04:08:40","slug":"nachi-chicco-se-suma-a-libertad-de-villa-trinidad-para-la-liga-provincial","status":"publish","type":"post","link":"http:\/\/zonade3.com.ar\/blog\/nachi-chicco-se-suma-a-libertad-de-villa-trinidad-para-la-liga-provincial\/","title":{"rendered":"\u00abNachi\u00bb Chicco se suma a Libertad de Villa Trinidad para la Liga Provincial"},"content":{"rendered":"<p>Ignacio Chicco, actual jugador de Club Sportivo Suardi, vestir\u00e1 la camiseta de Libertad de Villa Trinidad en la pr\u00f3xima edici\u00f3n de la Liga Provincial Copa Santa Fe.<br \/>\nEl nacido en la cantera \u00abrojiblanca\u00bb se sumar\u00eda a las ordenes de Julian Bessone a partir de noviembre y el v\u00ednculo se extender\u00eda hasta el final de la participaci\u00f3n de Libertad en el Provincial.<br \/>\nMisma condici\u00f3n ser\u00e1 para Leandro Faure, otro refuerzo proveniente de CACU.<br \/>\nEl conjunto liberte\u00f1o se prepara as\u00ed para un nuevo desaf\u00edo a nivel provincial donde intentar\u00e1n repetir los resultados del certamen pasado donde quedaron muy conformes con el arribo a instancias de 8vos. de final.<br \/>\nSeg\u00fan cont\u00f3 Julian Bessone a Zonade3.com, Libertad pretende realzar el componente local y complementar con buenos baluartes que llegaron de otros clubes ya que se torna necesario disponer de elementos ante algunas contingencias que puedan llegar a surgir debido a cuestiones laborales o acad\u00e9micas de alg\u00fan jugador local.<\/p>\n","protected":false},"excerpt":{"rendered":"<p>Ignacio Chicco, actual jugador de Club Sportivo Suardi, vestir\u00e1 la camiseta de Libertad de Villa Trinidad en la<\/p>\n","protected":false},"author":2,"featured_media":5383,"comment_status":"open","ping_status":"open","sticky":false,"template":"","format":"standard","meta":{"footnotes":""},"categories":[1],"tags":[],"class_list":["post-5382","post","type-post","status-publish","format-standard","has-post-thumbnail","hentry","category-sin-categoria"],"_links":{"self":[{"href":"http:\/\/zonade3.com.ar\/blog\/wp-json\/wp\/v2\/posts\/5382","targetHints":{"allow":["GET"]}}],"collection":[{"href":"http:\/\/zonade3.com.ar\/blog\/wp-json\/wp\/v2\/posts"}],"about":[{"href":"http:\/\/zonade3.com.ar\/blog\/wp-json\/wp\/v2\/types\/post"}],"author":[{"embeddable":true,"href":"http:\/\/zonade3.com.ar\/blog\/wp-json\/wp\/v2\/users\/2"}],"replies":[{"embeddable":true,"href":"http:\/\/zonade3.com.ar\/blog\/wp-json\/wp\/v2\/comments?post=5382"}],"version-history":[{"count":2,"href":"http:\/\/zonade3.com.ar\/blog\/wp-json\/wp\/v2\/posts\/5382\/revisions"}],"predecessor-version":[{"id":5385,"href":"http:\/\/zonade3.com.ar\/blog\/wp-json\/wp\/v2\/posts\/5382\/revisions\/5385"}],"wp:featuredmedia":[{"embeddable":true,"href":"http:\/\/zonade3.com.ar\/blog\/wp-json\/wp\/v2\/media\/5383"}],"wp:attachment":[{"href":"http:\/\/zonade3.com.ar\/blog\/wp-json\/wp\/v2\/media?parent=5382"}],"wp:term":[{"taxonomy":"category","embeddable":true,"href":"http:\/\/zonade3.com.ar\/blog\/wp-json\/wp\/v2\/categories?post=5382"},{"taxonomy":"post_tag","embeddable":true,"href":"http:\/\/zonade3.com.ar\/blog\/wp-json\/wp\/v2\/tags?post=5382"}],"curies":[{"name":"wp","href":"https:\/\/api.w.org\/{rel}","templated":true}]}}