{"id":5389,"date":"2018-09-28T03:46:55","date_gmt":"2018-09-28T03:46:55","guid":{"rendered":"http:\/\/zonade3.com.ar.ar\/blog\/?p=5389"},"modified":"2018-09-28T03:46:55","modified_gmt":"2018-09-28T03:46:55","slug":"quedo-constituida-la-primera-comision-de-apreba-luego-de-la-reunion-fundacional","status":"publish","type":"post","link":"http:\/\/zonade3.com.ar\/blog\/quedo-constituida-la-primera-comision-de-apreba-luego-de-la-reunion-fundacional\/","title":{"rendered":"Qued\u00f3 constituida la primera Comisi\u00f3n de APREBA luego de la reuni\u00f3n fundacional"},"content":{"rendered":"<p>Los periodistas deportivos que siguen el b\u00e1squetbol de todo el pa\u00eds tienen ya oficialmente su representatividad a trav\u00e9s de una Asociaci\u00f3n. La reuni\u00f3n fundacional de Apreba (Asociaci\u00f3n Prensa B\u00e1squet Argentina) fue este jueves en la ciudad de Mar del Plata, lugar donde se definieron las autoridades de la hist\u00f3rico primera Comisi\u00f3n Directiva.<br \/>\nLos periodistas de todo el pa\u00eds cuentan de ahora en mas con una entidad registrada que bregar\u00e1 por el crecimiento y fortalecimiento de la prensa del b\u00e1squetbol argentino.<a href=\"http:\/\/zonade3.com.ar.ar\/blog\/wp-content\/uploads\/2018\/09\/apreba-comision.jpg\"><img loading=\"lazy\" decoding=\"async\" class=\"size-medium wp-image-5391 alignright\" src=\"http:\/\/zonade3.com.ar.ar\/blog\/wp-content\/uploads\/2018\/09\/apreba-comision-300x278.jpg\" alt=\"\" width=\"300\" height=\"278\" srcset=\"http:\/\/zonade3.com.ar\/blog\/wp-content\/uploads\/2018\/09\/apreba-comision-300x278.jpg 300w, http:\/\/zonade3.com.ar\/blog\/wp-content\/uploads\/2018\/09\/apreba-comision.jpg 674w\" sizes=\"auto, (max-width: 300px) 100vw, 300px\" \/><\/a><br \/>\nA trav\u00e9s de un grupo creado en Whatsapp, m\u00e1s de doscientos periodistas de todo el pa\u00eds que siguen el b\u00e1squetbol en todos los niveles y en todas las competencias, determinaron darle forma a la flamante Apreba (Asociaci\u00f3n Prensa B\u00e1squet Argentina).<br \/>\nDicha asociaci\u00f3n estar\u00e1 constituida a los fines de proteger, fortalecer, reunir e integrar a todos los periodistas del b\u00e1squetbol de la Rep\u00fablica Argentina.<br \/>\nEstas son las autoridades de <strong>Apreba:<\/strong><br \/>\nPresidente: Rub\u00e9n Mu\u00f1oz<br \/>\nVice: Marcelo Nogueira<br \/>\nSecretario: Andr\u00e9s L\u00f3pez<br \/>\nTesorero: Fabi\u00e1n P\u00e9rez<br \/>\nRevisor de cuenta titular: Demi\u00e1n Schleider<br \/>\nRevisor de cuenta suplente: Florencia Cordero<br \/>\nVocales: Diego Vergara y Sebasti\u00e1n Britos<\/p>\n","protected":false},"excerpt":{"rendered":"<p>Los periodistas deportivos que siguen el b\u00e1squetbol de todo el pa\u00eds tienen ya oficialmente su representatividad a trav\u00e9s<\/p>\n","protected":false},"author":2,"featured_media":5390,"comment_status":"open","ping_status":"open","sticky":false,"template":"","format":"standard","meta":{"footnotes":""},"categories":[1],"tags":[],"class_list":["post-5389","post","type-post","status-publish","format-standard","has-post-thumbnail","hentry","category-sin-categoria"],"_links":{"self":[{"href":"http:\/\/zonade3.com.ar\/blog\/wp-json\/wp\/v2\/posts\/5389","targetHints":{"allow":["GET"]}}],"collection":[{"href":"http:\/\/zonade3.com.ar\/blog\/wp-json\/wp\/v2\/posts"}],"about":[{"href":"http:\/\/zonade3.com.ar\/blog\/wp-json\/wp\/v2\/types\/post"}],"author":[{"embeddable":true,"href":"http:\/\/zonade3.com.ar\/blog\/wp-json\/wp\/v2\/users\/2"}],"replies":[{"embeddable":true,"href":"http:\/\/zonade3.com.ar\/blog\/wp-json\/wp\/v2\/comments?post=5389"}],"version-history":[{"count":1,"href":"http:\/\/zonade3.com.ar\/blog\/wp-json\/wp\/v2\/posts\/5389\/revisions"}],"predecessor-version":[{"id":5392,"href":"http:\/\/zonade3.com.ar\/blog\/wp-json\/wp\/v2\/posts\/5389\/revisions\/5392"}],"wp:featuredmedia":[{"embeddable":true,"href":"http:\/\/zonade3.com.ar\/blog\/wp-json\/wp\/v2\/media\/5390"}],"wp:attachment":[{"href":"http:\/\/zonade3.com.ar\/blog\/wp-json\/wp\/v2\/media?parent=5389"}],"wp:term":[{"taxonomy":"category","embeddable":true,"href":"http:\/\/zonade3.com.ar\/blog\/wp-json\/wp\/v2\/categories?post=5389"},{"taxonomy":"post_tag","embeddable":true,"href":"http:\/\/zonade3.com.ar\/blog\/wp-json\/wp\/v2\/tags?post=5389"}],"curies":[{"name":"wp","href":"https:\/\/api.w.org\/{rel}","templated":true}]}}