{"id":5394,"date":"2018-09-28T11:21:32","date_gmt":"2018-09-28T11:21:32","guid":{"rendered":"http:\/\/zonade3.com.ar.ar\/blog\/?p=5394"},"modified":"2018-09-28T11:22:04","modified_gmt":"2018-09-28T11:22:04","slug":"liga-provincial-se-arma-la-copa-santa-fe","status":"publish","type":"post","link":"http:\/\/zonade3.com.ar\/blog\/liga-provincial-se-arma-la-copa-santa-fe\/","title":{"rendered":"Liga Provincial: se arma la Copa Santa Fe"},"content":{"rendered":"<p>La nueva edici\u00f3n de la Copa Santa Fe est\u00e1 a la vuelta de la esquina y los elencos de toda la provincia ya sacan cuentas, analizan costos, preparan viajes, buscan refuerzos y se ilusionan con comenzar a pelear otra vez por el ascenso al Torneo Federal.<br \/>\nLa primera fecha importante a tener en cuenta es el 10 de octubre, plazo l\u00edmite para que los elencos interesados se anoten para participar de la competencia que tiene en vilo a la Bota durante gran parte del a\u00f1o.<br \/>\nEn la pasada campa\u00f1a toma-ron parte del certamen 28 elencos, cifra que fue todo un r\u00e9cord para los \u00faltimos a\u00f1os de un torneo que se mantiene en permanente crecimiento.<br \/>\nY para esta campa\u00f1a hay promesa de manejar n\u00fameros similares, m\u00e1s all\u00e1 del duro momento econ\u00f3mico que atraviesa el pa\u00eds y de las dudas que surgen por la realidad de la mayor\u00eda de las instituciones. Por la Rosarina aparecen cuatro nombres que son permanentes animadores y tradicionales participantes en el torneo. Talleres de Villa Gobernador G\u00e1lvez no s\u00f3lo se anota como participante, sino que incluso declin\u00f3 una invitaci\u00f3n del Federal para ganarse el ascenso en la cancha. Y el equipazo que arm\u00f3 para la temporada es prueba cabal de sus aspiraciones.<br \/>\nEl Tala, Sportsmen y Temperley son los tres representantes de la Sexta que tienen en la mira anotarse. Cada uno de ellos ha tenido protagonismo en las \u00faltimas campa\u00f1as, y buscar\u00e1n el paso que les falta para pelear bien arriba. Pero la sorpresa puede venir desde la zona oeste de la ciudad, porque Echesortu est\u00e1 analizando formar parte del torneo.<br \/>\nPor su parte, desde el Noroeste podr\u00edan llegar una vez m\u00e1s varios elencos. Racing de San Crist\u00f3bal pic\u00f3 en punta, mientras que Uni\u00f3n de San Guillermo ya confirm\u00f3 presencia junto con Libertad de Villa Trinidad. Podr\u00eda acceder San Lorenzo mientras que CACU ya declin\u00f3 de participar en el certamen provincial.<br \/>\nMientras tanto, en el Oeste Santafesino fue noticia negativa que Atl\u00e9tico San Jorge no ser\u00e1 de la partida. Eso s\u00ed, Atl\u00e9tico Sastre, Brown de San Vicente, Ceci de G\u00e1lvez, Atl\u00e9tico Mar\u00eda Juana y Trebolense estar\u00e1n firmes una vez m\u00e1s.<br \/>\nLa recorrida sigue por Reconquista, donde ya est\u00e1 trabajando el subcampe\u00f3n Platense, otro que le dijo no al Federal y buscar\u00e1 el ascenso dentro del rect\u00e1ngulo tras la final perdida ante Sport Ca\u00f1adense. \u00bfSe sumar\u00e1 alguno de los elencos de San Javier?<br \/>\nLa Ca\u00f1adense vive una situa-ci\u00f3n similar a la del Noroeste, con varios elencos que subie-ron de categor\u00eda y por eso la esperanza de estar representado pasa por Uni\u00f3n de Totoras, ya que la determinaci\u00f3n de los elencos de Carcara\u00f1\u00e1 por ahora es de no jugar.<br \/>\nEn la Rafaelina, ya 9 de Julio realiz\u00f3 movimientos en pos de su participaci\u00f3n, con cambio de DT y refuerzos, mientras que Atl\u00e9tico es otro que suele ser de la partida. \u00bfBen Hur se animar\u00e1? \u00bfHabr\u00e1 otra sorpresa?<br \/>\nLa Asociaci\u00f3n Santafesina volver\u00e1 a ser un foco de atracci\u00f3n, con el regreso de Col\u00f3n de San Justo y las ratificaciones de Alma Juniors y Almagro de Esperanza. Rivadavia Juniors, Col\u00f3n y Gimnasia son los que estudian jugar.<br \/>\nPor \u00faltima, desde la Venadense promete ser un a\u00f1o con movimiento. Firmat y Argentino ser\u00e1n dos anotados, mientras que Sportsman de Villa Ca\u00f1\u00e1s e Independiente de Cha\u00f1ar Ladeado son otros dos que prometen participar. Y hay lugar para alguna sorpresa.<br \/>\n<strong>El inicio<\/strong><br \/>\nLa fecha de inicio del certamen est\u00e1 pactada para el 15 de noviembre con el duelo inaugural, mientras que el 16 continuar\u00e1 la fecha de apertura. Si bien todav\u00eda no se dio a conocer oficialmente la determinaci\u00f3n, ya se conoci\u00f3 que Racing de San Crist\u00f3bal fue uno de los elencos que pidi\u00f3 organizar el partido de inicio de la campa\u00f1a. Una vez m\u00e1s, se contar\u00e1 con el apoyo del gobierno provincial, vital para la competencia y los clubes.<br \/>\nPreviamente habr\u00e1 que cumplir con otros requisitos importantes ya que el 3 de noviembre ser\u00e1 la reuni\u00f3n para sortear grupos y fixture seg\u00fan los participantes que se anoten hasta el 10 de octubre. Las listas de buena fe deber\u00e1n presentarse el 31 de octubre y tambi\u00e9n se llevar\u00e1 a cabo, en fecha a designar, la habitual capacitaci\u00f3n para operadores de estad\u00edsticas que nutren el trabajo period\u00edstico y que desde hace varios a\u00f1os son una marca registrada de los torneos de la Federaci\u00f3n Santafesina.<br \/>\nFuente: David Ferrara &#8211; Basquet Rosario<\/p>\n","protected":false},"excerpt":{"rendered":"<p>La nueva edici\u00f3n de la Copa Santa Fe est\u00e1 a la vuelta de la esquina y los elencos<\/p>\n","protected":false},"author":2,"featured_media":3346,"comment_status":"open","ping_status":"open","sticky":false,"template":"","format":"standard","meta":{"footnotes":""},"categories":[1],"tags":[],"class_list":["post-5394","post","type-post","status-publish","format-standard","has-post-thumbnail","hentry","category-sin-categoria"],"_links":{"self":[{"href":"http:\/\/zonade3.com.ar\/blog\/wp-json\/wp\/v2\/posts\/5394","targetHints":{"allow":["GET"]}}],"collection":[{"href":"http:\/\/zonade3.com.ar\/blog\/wp-json\/wp\/v2\/posts"}],"about":[{"href":"http:\/\/zonade3.com.ar\/blog\/wp-json\/wp\/v2\/types\/post"}],"author":[{"embeddable":true,"href":"http:\/\/zonade3.com.ar\/blog\/wp-json\/wp\/v2\/users\/2"}],"replies":[{"embeddable":true,"href":"http:\/\/zonade3.com.ar\/blog\/wp-json\/wp\/v2\/comments?post=5394"}],"version-history":[{"count":1,"href":"http:\/\/zonade3.com.ar\/blog\/wp-json\/wp\/v2\/posts\/5394\/revisions"}],"predecessor-version":[{"id":5395,"href":"http:\/\/zonade3.com.ar\/blog\/wp-json\/wp\/v2\/posts\/5394\/revisions\/5395"}],"wp:featuredmedia":[{"embeddable":true,"href":"http:\/\/zonade3.com.ar\/blog\/wp-json\/wp\/v2\/media\/3346"}],"wp:attachment":[{"href":"http:\/\/zonade3.com.ar\/blog\/wp-json\/wp\/v2\/media?parent=5394"}],"wp:term":[{"taxonomy":"category","embeddable":true,"href":"http:\/\/zonade3.com.ar\/blog\/wp-json\/wp\/v2\/categories?post=5394"},{"taxonomy":"post_tag","embeddable":true,"href":"http:\/\/zonade3.com.ar\/blog\/wp-json\/wp\/v2\/tags?post=5394"}],"curies":[{"name":"wp","href":"https:\/\/api.w.org\/{rel}","templated":true}]}}