{"id":5396,"date":"2018-09-28T11:34:56","date_gmt":"2018-09-28T11:34:56","guid":{"rendered":"http:\/\/zonade3.com.ar.ar\/blog\/?p=5396"},"modified":"2018-09-28T11:58:01","modified_gmt":"2018-09-28T11:58:01","slug":"liga-provincial-union-de-san-guillermo-dio-el-si","status":"publish","type":"post","link":"http:\/\/zonade3.com.ar\/blog\/liga-provincial-union-de-san-guillermo-dio-el-si\/","title":{"rendered":"Liga Provincial: Uni\u00f3n de San Guillermo dio el s\u00ed"},"content":{"rendered":"<p>En las ultimas horas, Uni\u00f3n de San Guillermo confirm\u00f3 su presencia en la Liga Provincial Copa Santa Fe. Seg\u00fan fuentes consultadas, es imperiosa la llegada de entre dos y tres refuerzos.<br \/>\nEl base David Ferreyra deja la instituci\u00f3n en los pr\u00f3ximos d\u00edas por lo que una de las prioridades ser\u00e1 cubrir ese puesto clave para el armado de un equipo. Adem\u00e1s, Uni\u00f3n podr\u00eda repatriar a Gustavo Calorio.<br \/>\nCabe acotar que la Noroeste volver\u00e1 a aportar una buena cantidad de equipos a la competencia. Mientras Uni\u00f3n de San Guillermo ya confirm\u00f3, Racing de San Crist\u00f3bal y Libertad de Villa Trinidad picaron en punta tiempo atr\u00e1s. Podr\u00eda acceder San Lorenzo (hay grandes posibilidades) mientras que CACU ya declin\u00f3 de participar en el certamen provincial.<\/p>\n","protected":false},"excerpt":{"rendered":"<p>En las ultimas horas, Uni\u00f3n de San Guillermo confirm\u00f3 su presencia en la Liga Provincial Copa Santa Fe.<\/p>\n","protected":false},"author":2,"featured_media":3490,"comment_status":"open","ping_status":"open","sticky":false,"template":"","format":"standard","meta":{"footnotes":""},"categories":[1],"tags":[],"class_list":["post-5396","post","type-post","status-publish","format-standard","has-post-thumbnail","hentry","category-sin-categoria"],"_links":{"self":[{"href":"http:\/\/zonade3.com.ar\/blog\/wp-json\/wp\/v2\/posts\/5396","targetHints":{"allow":["GET"]}}],"collection":[{"href":"http:\/\/zonade3.com.ar\/blog\/wp-json\/wp\/v2\/posts"}],"about":[{"href":"http:\/\/zonade3.com.ar\/blog\/wp-json\/wp\/v2\/types\/post"}],"author":[{"embeddable":true,"href":"http:\/\/zonade3.com.ar\/blog\/wp-json\/wp\/v2\/users\/2"}],"replies":[{"embeddable":true,"href":"http:\/\/zonade3.com.ar\/blog\/wp-json\/wp\/v2\/comments?post=5396"}],"version-history":[{"count":3,"href":"http:\/\/zonade3.com.ar\/blog\/wp-json\/wp\/v2\/posts\/5396\/revisions"}],"predecessor-version":[{"id":5399,"href":"http:\/\/zonade3.com.ar\/blog\/wp-json\/wp\/v2\/posts\/5396\/revisions\/5399"}],"wp:featuredmedia":[{"embeddable":true,"href":"http:\/\/zonade3.com.ar\/blog\/wp-json\/wp\/v2\/media\/3490"}],"wp:attachment":[{"href":"http:\/\/zonade3.com.ar\/blog\/wp-json\/wp\/v2\/media?parent=5396"}],"wp:term":[{"taxonomy":"category","embeddable":true,"href":"http:\/\/zonade3.com.ar\/blog\/wp-json\/wp\/v2\/categories?post=5396"},{"taxonomy":"post_tag","embeddable":true,"href":"http:\/\/zonade3.com.ar\/blog\/wp-json\/wp\/v2\/tags?post=5396"}],"curies":[{"name":"wp","href":"https:\/\/api.w.org\/{rel}","templated":true}]}}