{"id":5408,"date":"2018-09-29T23:34:40","date_gmt":"2018-09-29T23:34:40","guid":{"rendered":"http:\/\/zonade3.com.ar.ar\/blog\/?p=5408"},"modified":"2018-09-29T23:41:03","modified_gmt":"2018-09-29T23:41:03","slug":"perusia-y-calorio-flamantes-refuerzos-de-union-de-san-guillermo","status":"publish","type":"post","link":"http:\/\/zonade3.com.ar\/blog\/perusia-y-calorio-flamantes-refuerzos-de-union-de-san-guillermo\/","title":{"rendered":"Perusia y Calorio, flamantes refuerzos de Uni\u00f3n de San Guillermo"},"content":{"rendered":"<p>Luego de la confirmaci\u00f3n de Uni\u00f3n de San Guillermo para la Liga Provincial Copa Santa Fe, el cuerpo t\u00e9cnico que conduce Marcelo Mengoni se puso manos a la obra en la b\u00fasqueda de refuerzo.<br \/>\nUno de los primeros en confirmar fue Gustavo Calorio, nacido en la cantera de Uni\u00f3n y con paso reciente en Progresista de Villa Angela.<br \/>\nEn tanto, Sebastian Perusia (foto) llega para reemplazar a David Ferreyra que tiene como destino Atl\u00e9tico Rafaela. El base tuvo un recordado paso por 9 de Julio de Morteros donde jug\u00f3 Liga Cordobesa.<br \/>\nAhora, los sanguillerminos van en b\u00fasqueda de un interno y se retirar\u00eda del mercado para afrontar una nueva cita federativa.<br \/>\nFoto: G. Ruiz<\/p>\n","protected":false},"excerpt":{"rendered":"<p>Luego de la confirmaci\u00f3n de Uni\u00f3n de San Guillermo para la Liga Provincial Copa Santa Fe, el cuerpo<\/p>\n","protected":false},"author":2,"featured_media":5409,"comment_status":"open","ping_status":"open","sticky":false,"template":"","format":"standard","meta":{"footnotes":""},"categories":[1],"tags":[],"class_list":["post-5408","post","type-post","status-publish","format-standard","has-post-thumbnail","hentry","category-sin-categoria"],"_links":{"self":[{"href":"http:\/\/zonade3.com.ar\/blog\/wp-json\/wp\/v2\/posts\/5408","targetHints":{"allow":["GET"]}}],"collection":[{"href":"http:\/\/zonade3.com.ar\/blog\/wp-json\/wp\/v2\/posts"}],"about":[{"href":"http:\/\/zonade3.com.ar\/blog\/wp-json\/wp\/v2\/types\/post"}],"author":[{"embeddable":true,"href":"http:\/\/zonade3.com.ar\/blog\/wp-json\/wp\/v2\/users\/2"}],"replies":[{"embeddable":true,"href":"http:\/\/zonade3.com.ar\/blog\/wp-json\/wp\/v2\/comments?post=5408"}],"version-history":[{"count":2,"href":"http:\/\/zonade3.com.ar\/blog\/wp-json\/wp\/v2\/posts\/5408\/revisions"}],"predecessor-version":[{"id":5411,"href":"http:\/\/zonade3.com.ar\/blog\/wp-json\/wp\/v2\/posts\/5408\/revisions\/5411"}],"wp:featuredmedia":[{"embeddable":true,"href":"http:\/\/zonade3.com.ar\/blog\/wp-json\/wp\/v2\/media\/5409"}],"wp:attachment":[{"href":"http:\/\/zonade3.com.ar\/blog\/wp-json\/wp\/v2\/media?parent=5408"}],"wp:term":[{"taxonomy":"category","embeddable":true,"href":"http:\/\/zonade3.com.ar\/blog\/wp-json\/wp\/v2\/categories?post=5408"},{"taxonomy":"post_tag","embeddable":true,"href":"http:\/\/zonade3.com.ar\/blog\/wp-json\/wp\/v2\/tags?post=5408"}],"curies":[{"name":"wp","href":"https:\/\/api.w.org\/{rel}","templated":true}]}}