{"id":5423,"date":"2018-10-03T04:24:20","date_gmt":"2018-10-03T04:24:20","guid":{"rendered":"http:\/\/zonade3.com.ar.ar\/blog\/?p=5423"},"modified":"2018-10-03T04:24:20","modified_gmt":"2018-10-03T04:24:20","slug":"san-lorenzo-de-tostado-confirmo-su-participacion-en-la-liga-provincial","status":"publish","type":"post","link":"http:\/\/zonade3.com.ar\/blog\/san-lorenzo-de-tostado-confirmo-su-participacion-en-la-liga-provincial\/","title":{"rendered":"San Lorenzo de Tostado confirm\u00f3 su participaci\u00f3n en la Liga Provincial"},"content":{"rendered":"<p>San Lorenzo de Tostado finalmente oficializ\u00f3 su participaci\u00f3n en la pr\u00f3xima Liga Provincial de Mayores, certamen que organiza la Federaci\u00f3n de Basquetbol de la Provincia de Santa Fe.<br \/>\nHac\u00eda mucho tiempo que la centenaria entidad ten\u00eda intenciones de volver a jugar a nivel federativo, pero los dirigentes eran cautos a la hora de anunciar este presente.<br \/>\nLos dirigidos por Ciro Redondo ahora afrontan los compromisos de la Asoc. Noroeste pero ya diagraman la conformaci\u00f3n del plantel para lo que viene.<br \/>\nEn principio, la idea es mantener todo el equipo que juega actualmente la local, mezcla de experiencia y juventud, y estar\u00edan sumando un base y un tres.<br \/>\nSi bien no trascendieron, ya existen algunos nombres en carpeta de la dirigencia para ir analizando.<\/p>\n","protected":false},"excerpt":{"rendered":"<p>San Lorenzo de Tostado finalmente oficializ\u00f3 su participaci\u00f3n en la pr\u00f3xima Liga Provincial de Mayores, certamen que organiza<\/p>\n","protected":false},"author":2,"featured_media":5090,"comment_status":"open","ping_status":"open","sticky":false,"template":"","format":"standard","meta":{"footnotes":""},"categories":[1],"tags":[],"class_list":["post-5423","post","type-post","status-publish","format-standard","has-post-thumbnail","hentry","category-sin-categoria"],"_links":{"self":[{"href":"http:\/\/zonade3.com.ar\/blog\/wp-json\/wp\/v2\/posts\/5423","targetHints":{"allow":["GET"]}}],"collection":[{"href":"http:\/\/zonade3.com.ar\/blog\/wp-json\/wp\/v2\/posts"}],"about":[{"href":"http:\/\/zonade3.com.ar\/blog\/wp-json\/wp\/v2\/types\/post"}],"author":[{"embeddable":true,"href":"http:\/\/zonade3.com.ar\/blog\/wp-json\/wp\/v2\/users\/2"}],"replies":[{"embeddable":true,"href":"http:\/\/zonade3.com.ar\/blog\/wp-json\/wp\/v2\/comments?post=5423"}],"version-history":[{"count":1,"href":"http:\/\/zonade3.com.ar\/blog\/wp-json\/wp\/v2\/posts\/5423\/revisions"}],"predecessor-version":[{"id":5424,"href":"http:\/\/zonade3.com.ar\/blog\/wp-json\/wp\/v2\/posts\/5423\/revisions\/5424"}],"wp:featuredmedia":[{"embeddable":true,"href":"http:\/\/zonade3.com.ar\/blog\/wp-json\/wp\/v2\/media\/5090"}],"wp:attachment":[{"href":"http:\/\/zonade3.com.ar\/blog\/wp-json\/wp\/v2\/media?parent=5423"}],"wp:term":[{"taxonomy":"category","embeddable":true,"href":"http:\/\/zonade3.com.ar\/blog\/wp-json\/wp\/v2\/categories?post=5423"},{"taxonomy":"post_tag","embeddable":true,"href":"http:\/\/zonade3.com.ar\/blog\/wp-json\/wp\/v2\/tags?post=5423"}],"curies":[{"name":"wp","href":"https:\/\/api.w.org\/{rel}","templated":true}]}}