{"id":5487,"date":"2018-10-10T04:25:46","date_gmt":"2018-10-10T04:25:46","guid":{"rendered":"http:\/\/zonade3.com.ar.ar\/blog\/?p=5487"},"modified":"2018-10-10T04:43:41","modified_gmt":"2018-10-10T04:43:41","slug":"liga-provincial-ultimas-horas-de-plazo-para-la-inscripcion","status":"publish","type":"post","link":"http:\/\/zonade3.com.ar\/blog\/liga-provincial-ultimas-horas-de-plazo-para-la-inscripcion\/","title":{"rendered":"Liga Provincial: ultimas horas de plazo para la inscripci\u00f3n"},"content":{"rendered":"<p>La Federaci\u00f3n de b\u00e1squetbol de la provincia de Santa Fe, informa que hasta este mi\u00e9rcoles sigue abierta la inscripci\u00f3n para la Liga Provincial de categor\u00eda mayores edici\u00f3n 18\/19.<br \/>\nLos clubes interesados podr\u00e1n requerir mayor informaci\u00f3n llamando a los tel\u00e9fonos de la FBPSF: 341 4403327 &#8211; 4404153.<br \/>\nEl cierre de inscripci\u00f3n es el 10 de octubre. La fecha de inicio est\u00e1 pactada para el 15 de noviembre con el duelo inaugural, mientras que el 16 continuar\u00e1 la fecha de apertura.<br \/>\nEl 3 de noviembre ser\u00e1 la reuni\u00f3n para sortear grupos y fixture y las listas de buena fe deber\u00e1n presentarse el 31 de octubre.<br \/>\nFuente: Prensa FBPSF<\/p>\n","protected":false},"excerpt":{"rendered":"<p>La Federaci\u00f3n de b\u00e1squetbol de la provincia de Santa Fe, informa que hasta este mi\u00e9rcoles sigue abierta la<\/p>\n","protected":false},"author":2,"featured_media":192,"comment_status":"open","ping_status":"open","sticky":false,"template":"","format":"standard","meta":{"footnotes":""},"categories":[1],"tags":[],"class_list":["post-5487","post","type-post","status-publish","format-standard","has-post-thumbnail","hentry","category-sin-categoria"],"_links":{"self":[{"href":"http:\/\/zonade3.com.ar\/blog\/wp-json\/wp\/v2\/posts\/5487","targetHints":{"allow":["GET"]}}],"collection":[{"href":"http:\/\/zonade3.com.ar\/blog\/wp-json\/wp\/v2\/posts"}],"about":[{"href":"http:\/\/zonade3.com.ar\/blog\/wp-json\/wp\/v2\/types\/post"}],"author":[{"embeddable":true,"href":"http:\/\/zonade3.com.ar\/blog\/wp-json\/wp\/v2\/users\/2"}],"replies":[{"embeddable":true,"href":"http:\/\/zonade3.com.ar\/blog\/wp-json\/wp\/v2\/comments?post=5487"}],"version-history":[{"count":2,"href":"http:\/\/zonade3.com.ar\/blog\/wp-json\/wp\/v2\/posts\/5487\/revisions"}],"predecessor-version":[{"id":5491,"href":"http:\/\/zonade3.com.ar\/blog\/wp-json\/wp\/v2\/posts\/5487\/revisions\/5491"}],"wp:featuredmedia":[{"embeddable":true,"href":"http:\/\/zonade3.com.ar\/blog\/wp-json\/wp\/v2\/media\/192"}],"wp:attachment":[{"href":"http:\/\/zonade3.com.ar\/blog\/wp-json\/wp\/v2\/media?parent=5487"}],"wp:term":[{"taxonomy":"category","embeddable":true,"href":"http:\/\/zonade3.com.ar\/blog\/wp-json\/wp\/v2\/categories?post=5487"},{"taxonomy":"post_tag","embeddable":true,"href":"http:\/\/zonade3.com.ar\/blog\/wp-json\/wp\/v2\/tags?post=5487"}],"curies":[{"name":"wp","href":"https:\/\/api.w.org\/{rel}","templated":true}]}}