{"id":5501,"date":"2018-10-12T04:42:55","date_gmt":"2018-10-12T04:42:55","guid":{"rendered":"http:\/\/zonade3.com.ar.ar\/blog\/?p=5501"},"modified":"2018-10-12T04:51:25","modified_gmt":"2018-10-12T04:51:25","slug":"torneo-federal-sportivo-suardi-presento-indumentaria-y-plantel-para-la-temporada-1819","status":"publish","type":"post","link":"http:\/\/zonade3.com.ar\/blog\/torneo-federal-sportivo-suardi-presento-indumentaria-y-plantel-para-la-temporada-1819\/","title":{"rendered":"Torneo Federal: Sportivo Suardi present\u00f3 indumentaria y plantel para la temporada 18&#8217;\/19&#8242;"},"content":{"rendered":"<p>En la noche del jueves, Club Sportivo Suardi present\u00f3 su plantel para la temporada 18\/19 del Torneo Federal. Tambi\u00e9n exhibi\u00f3 la nueva indumentaria.<br \/>\nAnte la presencia de medios y p\u00fablico en general, el presidente del club \u00abrojiblanco\u00bb, Mart\u00edn Borgogno, encabez\u00f3 la conferencia de prensa presentando el equipo y agradeciendo a los sponsor por confiar una vez mas en el proyecto de Sportivo en su segunda participaci\u00f3n en el tercer escal\u00f3n del basquet argentino. Habl\u00f3 del presupuesto y se mostr\u00f3 satisfecho por lo recaudado en materia de auspiciantes y apoyo gubernamental ya sea de parte del Senador provincial como as\u00ed tambi\u00e9n del Ejecutivo provincial.<br \/>\nLuego fue el turno del intendente de Suardi, Hugo Boscarol, quien estuvo acompa\u00f1ado de los consejales del radicalismo y el peronismo en cuya representaci\u00f3n asisti\u00f3 Andr\u00e9s Pelussi, ex basquetbolista y figura destacada a nivel nacional.<br \/>\nCabe acotar que Boscarol anunci\u00f3 que la Municipalidad aportar\u00e1 a la instituci\u00f3n un tablero acr\u00edlico con aro rebatible y marcos incluidos que necesita para afrontar reglamentariamente la competencia en cuesti\u00f3n.<br \/>\nTambi\u00e9n hubo lugar para la palabra del entrenador y los jugadores quienes se refirieron a las expectativas en la previa de una nueva campa\u00f1a.\u00a0En ese marco, el entrenador Andr\u00e9s Poi dijo estar conforme con el armado del plantel y los tiempos de trabajo. El objetivo primordial ser\u00e1 superar lo realizado en la pasada edici\u00f3n y buscar firmemente la clasificaci\u00f3n para luego hacer lo mejor posible en la etapa de playoffs.<br \/>\nRecordemos que, hablando de refuerzos, Cristian Cadillac continuar\u00e1 una temporada mas junto con Agust\u00edn Pautasso y Esteban Ledesma quienes siguieron tambi\u00e9n en el club para el torneo local. Adem\u00e1s, se sumaron Lisandro Gomez Quintero y Jos\u00e9 Peralta.<br \/>\nEstos 5 refuerzos mas los jugadores del club, Gandolfo, Grosso, Godone, Braida, Gerlero, Woisard,\u00a0 Andrione y el reclutado Marcos Sanchez, conformar\u00e1n el plantel.<\/p>\n","protected":false},"excerpt":{"rendered":"<p>En la noche del jueves, Club Sportivo Suardi present\u00f3 su plantel para la temporada 18\/19 del Torneo Federal.<\/p>\n","protected":false},"author":2,"featured_media":5502,"comment_status":"open","ping_status":"open","sticky":false,"template":"","format":"standard","meta":{"footnotes":""},"categories":[1],"tags":[],"class_list":["post-5501","post","type-post","status-publish","format-standard","has-post-thumbnail","hentry","category-sin-categoria"],"_links":{"self":[{"href":"http:\/\/zonade3.com.ar\/blog\/wp-json\/wp\/v2\/posts\/5501","targetHints":{"allow":["GET"]}}],"collection":[{"href":"http:\/\/zonade3.com.ar\/blog\/wp-json\/wp\/v2\/posts"}],"about":[{"href":"http:\/\/zonade3.com.ar\/blog\/wp-json\/wp\/v2\/types\/post"}],"author":[{"embeddable":true,"href":"http:\/\/zonade3.com.ar\/blog\/wp-json\/wp\/v2\/users\/2"}],"replies":[{"embeddable":true,"href":"http:\/\/zonade3.com.ar\/blog\/wp-json\/wp\/v2\/comments?post=5501"}],"version-history":[{"count":3,"href":"http:\/\/zonade3.com.ar\/blog\/wp-json\/wp\/v2\/posts\/5501\/revisions"}],"predecessor-version":[{"id":5505,"href":"http:\/\/zonade3.com.ar\/blog\/wp-json\/wp\/v2\/posts\/5501\/revisions\/5505"}],"wp:featuredmedia":[{"embeddable":true,"href":"http:\/\/zonade3.com.ar\/blog\/wp-json\/wp\/v2\/media\/5502"}],"wp:attachment":[{"href":"http:\/\/zonade3.com.ar\/blog\/wp-json\/wp\/v2\/media?parent=5501"}],"wp:term":[{"taxonomy":"category","embeddable":true,"href":"http:\/\/zonade3.com.ar\/blog\/wp-json\/wp\/v2\/categories?post=5501"},{"taxonomy":"post_tag","embeddable":true,"href":"http:\/\/zonade3.com.ar\/blog\/wp-json\/wp\/v2\/tags?post=5501"}],"curies":[{"name":"wp","href":"https:\/\/api.w.org\/{rel}","templated":true}]}}