{"id":5508,"date":"2018-10-12T05:16:38","date_gmt":"2018-10-12T05:16:38","guid":{"rendered":"http:\/\/zonade3.com.ar.ar\/blog\/?p=5508"},"modified":"2018-10-12T05:16:38","modified_gmt":"2018-10-12T05:16:38","slug":"liga-argentina-en-otro-amistoso-san-isidro-derroto-a-central-de-ceres","status":"publish","type":"post","link":"http:\/\/zonade3.com.ar\/blog\/liga-argentina-en-otro-amistoso-san-isidro-derroto-a-central-de-ceres\/","title":{"rendered":"Liga Argentina: en otro amistoso, San Isidro derrot\u00f3 a Central de Ceres"},"content":{"rendered":"<p>Este jueves por la noche, en el estadio \u201cSevero Robledo\u201d, los Halcones Rojos de San Isidro disputaron el \u00faltimo amistoso de pretemporada derrotando con claridad a Central Arg. Ol\u00edmpico de Ceres 84 a 67. Fue una buena prueba para el \u201cSanto\u201d ante un rival de la misma divisional.<br \/>\nEl rojo volvi\u00f3 a dejar en claro que su construcci\u00f3n de equipo empieza desde su defensa, para luego aprovechar la velocidad en la transici\u00f3n, uno de los puntos m\u00e1s fuerte que le imprimi\u00f3 Sebasti\u00e1n Torre a este plantel.<br \/>\nSan Isidro tuvo a Hans Feder Ponce como el goleador con 17 puntos, pero vari\u00f3 en los roles ofensivos sumando buenos pasajes de Santiago Gonz\u00e1lez (10) y Santiago Ludue\u00f1a (14). La diferencia no fue a\u00fan mayor por la baja efectividad en tiros de tres puntos, en total cerr\u00f3 la noche con un pobre 28.6%, con 8 de 28 convertidos (Corzo 1\/11).<br \/>\nEn contrapartida, los 18 recuperos dan otra clara se\u00f1al de cu\u00e1l ser\u00e1 la marca registrada para la Liga Argentina que se aproxima. Queda una semana, el jueves 18 arranca lo importante, ese d\u00eda desde las 21:30 horas chocar\u00e1 con Uni\u00f3n de Santa Fe.<br \/>\n<strong>S\u00edntesis:<\/strong><br \/>\n<strong>San Isidro 84:<\/strong> Ignacio Cuesta 0, Juan Rodr\u00edguez Suppi 8, Santiago Gonz\u00e1lez 10, Hans Feder Ponce 17, Santiago Ludue\u00f1a 14, James Cambrone 6, Rodrigo Haag 7, Rodrigo S\u00e1nchez 6, Germ\u00e1n Sciutto 3 y Mauricio Corzo 13. DT: Sebasti\u00e1n Torre.<br \/>\n<strong>Central Ol\u00edmpico Ceres 67:<\/strong> Mat\u00edas Salicru 9, Luciano Lizarraga 2, Tirrel Brown 14, Leonardo Solis 0, Marcos Bruera 3, Milton Vittar 12, Mauro Natta 9, Mat\u00edas Mart\u00ednez 8, Pablo Mart\u00ednez 5 y Jano Karavitian 5. DT: Enrique Lancelotti.<br \/>\nParciales: San Isidro 21\/ Central Ol\u00edmpico 15 \u2013 41\/33 \u2013 61\/42 y 84\/67.<br \/>\n\u00c1rbitros: Andr\u00e9s Barbarini y Fabio Alaniz.<br \/>\nEstadio: \u201cSevero Robledo\u201d.<br \/>\nFuente\/Foto: DiarioSports<\/p>\n","protected":false},"excerpt":{"rendered":"<p>Este jueves por la noche, en el estadio \u201cSevero Robledo\u201d, los Halcones Rojos de San Isidro disputaron el<\/p>\n","protected":false},"author":2,"featured_media":5509,"comment_status":"open","ping_status":"open","sticky":false,"template":"","format":"standard","meta":{"footnotes":""},"categories":[1],"tags":[],"class_list":["post-5508","post","type-post","status-publish","format-standard","has-post-thumbnail","hentry","category-sin-categoria"],"_links":{"self":[{"href":"http:\/\/zonade3.com.ar\/blog\/wp-json\/wp\/v2\/posts\/5508","targetHints":{"allow":["GET"]}}],"collection":[{"href":"http:\/\/zonade3.com.ar\/blog\/wp-json\/wp\/v2\/posts"}],"about":[{"href":"http:\/\/zonade3.com.ar\/blog\/wp-json\/wp\/v2\/types\/post"}],"author":[{"embeddable":true,"href":"http:\/\/zonade3.com.ar\/blog\/wp-json\/wp\/v2\/users\/2"}],"replies":[{"embeddable":true,"href":"http:\/\/zonade3.com.ar\/blog\/wp-json\/wp\/v2\/comments?post=5508"}],"version-history":[{"count":1,"href":"http:\/\/zonade3.com.ar\/blog\/wp-json\/wp\/v2\/posts\/5508\/revisions"}],"predecessor-version":[{"id":5510,"href":"http:\/\/zonade3.com.ar\/blog\/wp-json\/wp\/v2\/posts\/5508\/revisions\/5510"}],"wp:featuredmedia":[{"embeddable":true,"href":"http:\/\/zonade3.com.ar\/blog\/wp-json\/wp\/v2\/media\/5509"}],"wp:attachment":[{"href":"http:\/\/zonade3.com.ar\/blog\/wp-json\/wp\/v2\/media?parent=5508"}],"wp:term":[{"taxonomy":"category","embeddable":true,"href":"http:\/\/zonade3.com.ar\/blog\/wp-json\/wp\/v2\/categories?post=5508"},{"taxonomy":"post_tag","embeddable":true,"href":"http:\/\/zonade3.com.ar\/blog\/wp-json\/wp\/v2\/tags?post=5508"}],"curies":[{"name":"wp","href":"https:\/\/api.w.org\/{rel}","templated":true}]}}